{"id":20975,"date":"2017-02-06T09:20:55","date_gmt":"2017-02-06T15:20:55","guid":{"rendered":"http:\/\/visionpeninsular.com\/mid\/?p=20975"},"modified":"2017-02-06T09:20:55","modified_gmt":"2017-02-06T15:20:55","slug":"ya-preparan-la-plaza-carnaval","status":"publish","type":"post","link":"https:\/\/visionpeninsular.com\/mid\/ya-preparan-la-plaza-carnaval\/","title":{"rendered":"Ya preparan la Plaza Carnaval"},"content":{"rendered":"<p>El Coordinador de Pol\u00edtica Comunitaria, V\u00edctor Hugo Lozano Poveda inform\u00f3 que por instrucciones del alcalde Mauricio Vila Dosal, el Ayuntamiento de M\u00e9rida realiza labores de abatizaci\u00f3n y fumigaci\u00f3n en diversos puntos en los que tendr\u00e1n lugar los festejos relacionados con las fiestas carnestolendas, las cuales se llevar\u00e1n al cabo del 22 de febrero al 1 de marzo.<\/p>\n<p>El funcionario inform\u00f3 que se realizaron acciones de fumigaci\u00f3n y abatizaci\u00f3n para combatir el mosco, que transmite el dengue, zika y chikungunya, en las instalaciones de Plaza Carnaval con una brigada integrada por 6 personas, quienes  abatizaron 85 rejillas, 35 recipientes y 30 dep\u00f3sitos tratados, adem\u00e1s de la fumigaci\u00f3n en todo el recinto.<\/p>\n<p>Indic\u00f3 que tambi\u00e9n se fumigar\u00e1n los lugares donde se llevar\u00e1n al cabo actividades relacionadas con el Carnaval como el centro de espect\u00e1culos Carta Clara, el d\u00eda 10 de febrero, fecha previa a la coronaci\u00f3n de los Reyes del Carnaval.<\/p>\n<p>Las labores de abatizaci\u00f3n y fumigaci\u00f3n se realizar\u00e1n el viernes 17 en el Parque de la Alem\u00e1n, fecha previa al al concurso de comparsas que tendr\u00e1 lugar el s\u00e1bado 18 de febrero a las 6 de la tarde.  El martes 21 se fumigar\u00e1 de nuevo el centro de espect\u00e1culos Carta Clara, donde se realizar\u00e1 la quema de mal humor el pr\u00f3ximo d\u00eda 22; y el d\u00eda 22 en el Palacio Municipal, se llevar\u00e1n al cabo acciones de abatizaci\u00f3n y fumigaci\u00f3n, previo al desfile infantil que se llevar\u00e1 a cabo el 23 en la Plaza Grande.<\/p>\n<p>Del 22 al 27 de febrero tambi\u00e9n se realizar\u00e1n labores de fumigaci\u00f3n en Plaza Carnaval.<\/p>\n<p>Bolet\u00edn de prensa<\/p>\n<div class='share-to-whatsapp-wrapper'><div class='share-on-whsp'>Share on: <\/div><a data-text='Ya preparan la Plaza Carnaval' data-link='https:\/\/visionpeninsular.com\/mid\/ya-preparan-la-plaza-carnaval\/' class='whatsapp-button whatsapp-share'>WhatsApp<\/a><div class='clear '><\/div><\/div>","protected":false},"excerpt":{"rendered":"<p>El Coordinador de Pol\u00edtica Comunitaria, V\u00edctor Hugo Lozano Poveda inform\u00f3 que por instrucciones del alcalde Mauricio Vila Dosal, el Ayuntamiento de M\u00e9rida realiza labores de abatizaci\u00f3n y fumigaci\u00f3n en diversos puntos en los que tendr\u00e1n lugar los festejos relacionados con las fiestas carnestolendas, las cuales se llevar\u00e1n al cabo del 22 de febrero al 1 &hellip;<\/p>\n","protected":false},"author":5,"featured_media":20976,"comment_status":"open","ping_status":"open","sticky":false,"template":"","format":"standard","meta":{"_mi_skip_tracking":false},"categories":[50],"tags":[5197,41,5196,2248],"_links":{"self":[{"href":"https:\/\/visionpeninsular.com\/mid\/wp-json\/wp\/v2\/posts\/20975"}],"collection":[{"href":"https:\/\/visionpeninsular.com\/mid\/wp-json\/wp\/v2\/posts"}],"about":[{"href":"https:\/\/visionpeninsular.com\/mid\/wp-json\/wp\/v2\/types\/post"}],"author":[{"embeddable":true,"href":"https:\/\/visionpeninsular.com\/mid\/wp-json\/wp\/v2\/users\/5"}],"replies":[{"embeddable":true,"href":"https:\/\/visionpeninsular.com\/mid\/wp-json\/wp\/v2\/comments?post=20975"}],"version-history":[{"count":1,"href":"https:\/\/visionpeninsular.com\/mid\/wp-json\/wp\/v2\/posts\/20975\/revisions"}],"predecessor-version":[{"id":20977,"href":"https:\/\/visionpeninsular.com\/mid\/wp-json\/wp\/v2\/posts\/20975\/revisions\/20977"}],"wp:featuredmedia":[{"embeddable":true,"href":"https:\/\/visionpeninsular.com\/mid\/wp-json\/wp\/v2\/media\/20976"}],"wp:attachment":[{"href":"https:\/\/visionpeninsular.com\/mid\/wp-json\/wp\/v2\/media?parent=20975"}],"wp:term":[{"taxonomy":"category","embeddable":true,"href":"https:\/\/visionpeninsular.com\/mid\/wp-json\/wp\/v2\/categories?post=20975"},{"taxonomy":"post_tag","embeddable":true,"href":"https:\/\/visionpeninsular.com\/mid\/wp-json\/wp\/v2\/tags?post=20975"}],"curies":[{"name":"wp","href":"https:\/\/api.w.org\/{rel}","templated":true}]}}