{"id":209449,"date":"2025-12-15T12:14:20","date_gmt":"2025-12-15T18:14:20","guid":{"rendered":"https:\/\/visionpeninsular.com\/mid\/?p=209449"},"modified":"2025-12-15T12:17:35","modified_gmt":"2025-12-15T18:17:35","slug":"tercer-piso-del-mercado-san-benito-sera-para-la-policia-municipal","status":"publish","type":"post","link":"https:\/\/visionpeninsular.com\/mid\/tercer-piso-del-mercado-san-benito-sera-para-la-policia-municipal\/","title":{"rendered":"Tercer piso del mercado San Benito ser\u00e1 para la Polic\u00eda Municipal"},"content":{"rendered":"\n<p>M\u00e9rida, 15 de diciembre, 2025.- La alcaldesa de M\u00e9rida, Cecilia Patr\u00f3n Laviada, anunci\u00f3 que el 50 por ciento del tercer piso del mercado San Benito ser\u00e1 habilitado para \u00e1reas de convivencia y capacitaci\u00f3n de la Polic\u00eda Municipal, como parte de una estrategia de ahorro en rentas y de reforzamiento de la seguridad en la zona de mercados del Centro Hist\u00f3rico. El proyecto, con inversi\u00f3n superior a los 8 millones de pesos, registra un avance del 95 por ciento y forma parte de un paquete integral de acciones en los mercados municipales.<\/p>\n\n\n\n<p>Durante su conferencia semanera realizada en el mercado Lucas de G\u00e1lvez, la presidenta municipal explic\u00f3 que el espacio albergar\u00e1 gimnasio, dormitorios, \u00e1reas de alimentaci\u00f3n y salones de capacitaci\u00f3n para los elementos policiacos, sin trasladar las oficinas centrales de la corporaci\u00f3n. Precis\u00f3 que el uso de infraestructura propia permitir\u00e1 dejar de pagar rentas por inmuebles externos y garantizar presencia permanente de polic\u00edas en un punto de alta afluencia ciudadana.<\/p>\n\n\n\n<p>Alta afluencia decembrina en M\u00e9rida<\/p>\n\n\n\n<p>En este contexto, la alcaldesa subray\u00f3 que durante la temporada decembrina el Centro Hist\u00f3rico de M\u00e9rida registra una movilidad ciudadana de hasta 400 mil personas en un solo d\u00eda, derivada de las actividades comerciales, tur\u00edsticas y culturales propias de estas fechas. Se\u00f1al\u00f3 que este flujo masivo convierte a la zona de mercados en un punto estrat\u00e9gico para la ciudad, tanto en t\u00e9rminos de seguridad como de servicios p\u00fablicos, lo que justifica la intensificaci\u00f3n de acciones de limpieza, mantenimiento e infraestructura, as\u00ed como la presencia permanente de la Polic\u00eda Municipal para garantizar el orden y la atenci\u00f3n a comerciantes y visitantes.<\/p>\n\n\n\n<figure class=\"wp-block-image size-full\"><img loading=\"lazy\" width=\"600\" height=\"333\" src=\"https:\/\/visionpeninsular.com\/mid\/wp-content\/uploads\/2025\/12\/benito-semanera.jpg\" alt=\"\" class=\"wp-image-209454\" srcset=\"https:\/\/visionpeninsular.com\/mid\/wp-content\/uploads\/2025\/12\/benito-semanera.jpg 600w, https:\/\/visionpeninsular.com\/mid\/wp-content\/uploads\/2025\/12\/benito-semanera-300x167.jpg 300w\" sizes=\"(max-width: 600px) 100vw, 600px\" \/><\/figure>\n\n\n\n<p>En el balance de acciones en los 14 mercados p\u00fablicos de M\u00e9rida, Patr\u00f3n Laviada inform\u00f3 la recolecci\u00f3n de ocho toneladas de desechos en techos del Lucas de G\u00e1lvez y la realizaci\u00f3n de dos megaoperativos de limpieza, con el retiro de 360 mil metros c\u00fabicos de residuos. A\u00f1adi\u00f3 que mensualmente se retiran 503 toneladas de basura y se mantiene el lavado diario de pisos, como parte del programa de limpieza y mantenimiento permanente.<\/p>\n\n\n\n<p>La alcaldesa detall\u00f3 inversiones en infraestructura que incluyen 1,860 acciones de iluminaci\u00f3n, la instalaci\u00f3n de 1,200 l\u00e1mparas ahorradoras, trabajos de pintura en mil 800 metros cuadrados, cuatro extractores de humo, 510 acciones de plomer\u00eda y 600 de electricidad. Tambi\u00e9n destac\u00f3 que 13 mercados ya cuentan con internet gratuito, con el objetivo de apoyar a locatarios, usuarios y reducir la brecha digital en estos espacios.<\/p>\n\n\n\n<p>Como parte de las alianzas institucionales, se\u00f1al\u00f3 la colaboraci\u00f3n con UNICEF para certificar el \u00e1rea de alimentos de la Nueva Placita como zona de comida saludable, as\u00ed como con la empresa Novo Nordisk para mejorar la rampa de acceso y desarrollar murales. A estas acciones se suma una inversi\u00f3n de cuatro millones de pesos para la rehabilitaci\u00f3n de azoteas, cuyos trabajos concluir\u00e1n entre abril y mayo de 2026, adem\u00e1s de la instalaci\u00f3n de botones de alerta segura en pasillos estrat\u00e9gicos.<\/p>\n\n\n\n<p><strong>Mejoran entorno urbano hist\u00f3rico<\/strong><\/p>\n\n\n\n<p>En materia de entorno urbano, inform\u00f3 sobre la reforestaci\u00f3n del parque Eulogio Rosado, donde, ante restricciones del INAH, se opt\u00f3 por plantar mil 200 especies de ornato, renovar \u00e1reas de c\u00e9sped, instalar riego autom\u00e1tico y sembrar 28 \u00e1rboles de talla mediana y grande, con el objetivo de mejorar las condiciones ambientales y de sombra en una zona de alta concentraci\u00f3n peatonal.<\/p>\n\n\n\n<p>Durante la sesi\u00f3n de preguntas y respuestas, la alcaldesa afirm\u00f3 que mantiene un acercamiento constante con los locatarios de los mercados y reconoci\u00f3 que, aunque persisten necesidades, existe trabajo coordinado. Sobre el paquete presupuestal, indic\u00f3 que el Ayuntamiento no increment\u00f3 el impuesto predial y confi\u00f3 en que los diputados reconozcan la disciplina financiera, al tiempo que advirti\u00f3 que 2026 ser\u00e1 un a\u00f1o complejo por el contexto econ\u00f3mico nacional.<\/p>\n\n\n\n<p>A cuestionamientos sobre la pista de hielo y otras inversiones en actividades decembrinas, Patr\u00f3n Laviada defendi\u00f3 la importancia de los espacios de convivencia para la cohesi\u00f3n social, mientras que, respecto a la infraestructura de mercados, confirm\u00f3 obras para 2026, como impermeabilizaci\u00f3n total del San Benito, cambio de domos, renovaci\u00f3n de accesos y atenci\u00f3n al \u00e1rea de pescader\u00eda. Tambi\u00e9n aclar\u00f3 que los locales de la Placita operan bajo concesi\u00f3n y cualquier ajuste debe apegarse a procesos legales.<\/p>\n<div class='share-to-whatsapp-wrapper'><div class='share-on-whsp'>Share on: <\/div><a data-text='Tercer piso del mercado San Benito ser\u00e1 para la Polic\u00eda Municipal' data-link='https:\/\/visionpeninsular.com\/mid\/tercer-piso-del-mercado-san-benito-sera-para-la-policia-municipal\/' class='whatsapp-button whatsapp-share'>WhatsApp<\/a><div class='clear '><\/div><\/div>","protected":false},"excerpt":{"rendered":"<p>M\u00e9rida, 15 de diciembre, 2025.- La alcaldesa de M\u00e9rida, Cecilia Patr\u00f3n Laviada, anunci\u00f3 que el 50 por ciento del tercer piso del mercado San Benito ser\u00e1 habilitado para \u00e1reas de convivencia y capacitaci\u00f3n de la Polic\u00eda Municipal, como parte de una estrategia de ahorro en rentas y de reforzamiento de la seguridad en la zona &hellip;<\/p>\n","protected":false},"author":5,"featured_media":209453,"comment_status":"open","ping_status":"open","sticky":false,"template":"","format":"standard","meta":{"_mi_skip_tracking":false},"categories":[49,37],"tags":[41,5668,51647,3811,1186],"_links":{"self":[{"href":"https:\/\/visionpeninsular.com\/mid\/wp-json\/wp\/v2\/posts\/209449"}],"collection":[{"href":"https:\/\/visionpeninsular.com\/mid\/wp-json\/wp\/v2\/posts"}],"about":[{"href":"https:\/\/visionpeninsular.com\/mid\/wp-json\/wp\/v2\/types\/post"}],"author":[{"embeddable":true,"href":"https:\/\/visionpeninsular.com\/mid\/wp-json\/wp\/v2\/users\/5"}],"replies":[{"embeddable":true,"href":"https:\/\/visionpeninsular.com\/mid\/wp-json\/wp\/v2\/comments?post=209449"}],"version-history":[{"count":2,"href":"https:\/\/visionpeninsular.com\/mid\/wp-json\/wp\/v2\/posts\/209449\/revisions"}],"predecessor-version":[{"id":209455,"href":"https:\/\/visionpeninsular.com\/mid\/wp-json\/wp\/v2\/posts\/209449\/revisions\/209455"}],"wp:featuredmedia":[{"embeddable":true,"href":"https:\/\/visionpeninsular.com\/mid\/wp-json\/wp\/v2\/media\/209453"}],"wp:attachment":[{"href":"https:\/\/visionpeninsular.com\/mid\/wp-json\/wp\/v2\/media?parent=209449"}],"wp:term":[{"taxonomy":"category","embeddable":true,"href":"https:\/\/visionpeninsular.com\/mid\/wp-json\/wp\/v2\/categories?post=209449"},{"taxonomy":"post_tag","embeddable":true,"href":"https:\/\/visionpeninsular.com\/mid\/wp-json\/wp\/v2\/tags?post=209449"}],"curies":[{"name":"wp","href":"https:\/\/api.w.org\/{rel}","templated":true}]}}