{"id":209414,"date":"2025-12-12T16:00:26","date_gmt":"2025-12-12T22:00:26","guid":{"rendered":"https:\/\/visionpeninsular.com\/mid\/?p=209414"},"modified":"2025-12-12T16:00:30","modified_gmt":"2025-12-12T22:00:30","slug":"la-osy-estrena-nuevo-director-titular-en-una-nueva-etapa","status":"publish","type":"post","link":"https:\/\/visionpeninsular.com\/mid\/la-osy-estrena-nuevo-director-titular-en-una-nueva-etapa\/","title":{"rendered":"La OSY  \u201cestrena\u201d nuevo Director Titular en una nueva etapa"},"content":{"rendered":"\n<p>M\u00e9rida, 12 de diciembre de 2025.- El maestro Alfonso Scarano, fue presentado oficialmente como Director Titular de la Orquesta Sinf\u00f3nica de Yucat\u00e1n, en un evento encabezado por la Secretar\u00eda de la Cultura y las Artes (Sedeculta), el Fideicomiso Garante de la de la OSY (Figarosy) y el Patronato de la OSY.<\/p>\n\n\n\n<p>Con el maestro Scarano al frente, la La Osy inicia una etapa en su ya larga historia, desde su integraci\u00f3n en 2001, gracias al inter\u00e9s y los conocimientos de lm\u00fasica sinf\u00f3nica del &nbsp;entonces Director del Instituto de Cultura de Yucat\u00e1n, Arq, Domingo Rodr\u00edguez Semerena, actual Director de la UNAY.<\/p>\n\n\n\n<p>Desde su formaci\u00f3n, la OSY ha tenido varios directores, entre los que destacan el Primer Director Fundador, el maestro Juan Felipe Molano, quien fuera su director de 2001 a 2008.<\/p>\n\n\n\n<p>Al maestro Molano le siguieron Jos\u00e9 Luis Chan Sabido (interino 2008), Juan Carlos Lom\u00f3naco 2009\/2023, Jos\u00e9 Are\u00e1n (interino 2023) hasta la elecci\u00f3n del maestro Alfonso Scarano actual Director Titular, 2025.<\/p>\n\n\n\n<p>En la presentaci\u00f3n participaron la secretaria de Cultura y las Artes, Patricia Mart\u00edn Brice\u00f1o; el director general de Figarosy, Pablo Maya Ortega; la presidenta del Patronato de la OSY, Margarita Molina Zald\u00edvar; y el propio maestro Scarano, quienes detallaron los alcances y la visi\u00f3n de esta nueva etapa para la agrupaci\u00f3n sinf\u00f3nica.<\/p>\n\n\n\n<p>Las autoridades culturales explicaron que el nombramiento del nuevo director forma parte de una estrategia integral para fortalecer el proyecto sinf\u00f3nico de Yucat\u00e1n, elevar la calidad interpretativa de la orquesta y ampliar su presencia entre nuevos p\u00fablicos.<\/p>\n\n\n\n<p>El fideicomiso reiter\u00f3 que la OSY continuar\u00e1 fortaleciendo su labor cultural mediante conciertos masivos gratuitos, programas de formaci\u00f3n como \u201cSinfon\u00edzate\u201d para escuelas y una mayor presencia de solistas y compositores yucatecos en su programaci\u00f3n.<\/p>\n\n\n\n<p>Alfonso Scarano aporta una s\u00f3lida trayectoria internacional, con direcci\u00f3n en repertorios sinf\u00f3nicos, oper\u00edsticos y contempor\u00e1neos en Europa, Asia y Sudam\u00e9rica. Ha trabajado con la Orquesta Sinf\u00f3nica de Jerusal\u00e9n, la Filarm\u00f3nica de Praga-PKF y agrupaciones en pa\u00edses como Brasil, Rusia, Corea del Sur, Hungr\u00eda y Suecia, adem\u00e1s de participar en festivales como el de Liubliana y el Festival de M\u00fasica Contempor\u00e1nea de Hangzhou, China.<\/p>\n\n\n\n<p>Asimismo, colabor\u00f3 con la Orquesta Filarm\u00f3nica de Tailandia entre 2011 y 2024, desempe\u00f1\u00e1ndose como director titular desde 2017 y llevando a la agrupaci\u00f3n a una mayor proyecci\u00f3n internacional. Tambi\u00e9n ha sido titular de la Filarm\u00f3nica del Norte de Bohemia, en la Rep\u00fablica Checa, y director invitado principal de los Virtuosos de Praga durante m\u00e1s de una d\u00e9cada.<\/p>\n\n\n\n<p>Durante la presentaci\u00f3n, la OSY agradeci\u00f3 el apoyo de empresas patrocinadoras y destac\u00f3 que la colaboraci\u00f3n entre iniciativa privada, sociedad civil y gobierno es fundamental para sostener y proyectar este proyecto cultural al servicio de toda la ciudadan\u00eda.<\/p>\n<div class='share-to-whatsapp-wrapper'><div class='share-on-whsp'>Share on: <\/div><a data-text='La OSY  \u201cestrena\u201d nuevo Director Titular en una nueva etapa' data-link='https:\/\/visionpeninsular.com\/mid\/la-osy-estrena-nuevo-director-titular-en-una-nueva-etapa\/' class='whatsapp-button whatsapp-share'>WhatsApp<\/a><div class='clear '><\/div><\/div>","protected":false},"excerpt":{"rendered":"<p>M\u00e9rida, 12 de diciembre de 2025.- El maestro Alfonso Scarano, fue presentado oficialmente como Director Titular de la Orquesta Sinf\u00f3nica de Yucat\u00e1n, en un evento encabezado por la Secretar\u00eda de la Cultura y las Artes (Sedeculta), el Fideicomiso Garante de la de la OSY (Figarosy) y el Patronato de la OSY. Con el maestro Scarano &hellip;<\/p>\n","protected":false},"author":5,"featured_media":209416,"comment_status":"open","ping_status":"open","sticky":false,"template":"","format":"standard","meta":{"_mi_skip_tracking":false},"categories":[49,37],"tags":[185,51632,51633,8020,1557],"_links":{"self":[{"href":"https:\/\/visionpeninsular.com\/mid\/wp-json\/wp\/v2\/posts\/209414"}],"collection":[{"href":"https:\/\/visionpeninsular.com\/mid\/wp-json\/wp\/v2\/posts"}],"about":[{"href":"https:\/\/visionpeninsular.com\/mid\/wp-json\/wp\/v2\/types\/post"}],"author":[{"embeddable":true,"href":"https:\/\/visionpeninsular.com\/mid\/wp-json\/wp\/v2\/users\/5"}],"replies":[{"embeddable":true,"href":"https:\/\/visionpeninsular.com\/mid\/wp-json\/wp\/v2\/comments?post=209414"}],"version-history":[{"count":1,"href":"https:\/\/visionpeninsular.com\/mid\/wp-json\/wp\/v2\/posts\/209414\/revisions"}],"predecessor-version":[{"id":209417,"href":"https:\/\/visionpeninsular.com\/mid\/wp-json\/wp\/v2\/posts\/209414\/revisions\/209417"}],"wp:featuredmedia":[{"embeddable":true,"href":"https:\/\/visionpeninsular.com\/mid\/wp-json\/wp\/v2\/media\/209416"}],"wp:attachment":[{"href":"https:\/\/visionpeninsular.com\/mid\/wp-json\/wp\/v2\/media?parent=209414"}],"wp:term":[{"taxonomy":"category","embeddable":true,"href":"https:\/\/visionpeninsular.com\/mid\/wp-json\/wp\/v2\/categories?post=209414"},{"taxonomy":"post_tag","embeddable":true,"href":"https:\/\/visionpeninsular.com\/mid\/wp-json\/wp\/v2\/tags?post=209414"}],"curies":[{"name":"wp","href":"https:\/\/api.w.org\/{rel}","templated":true}]}}