{"id":209402,"date":"2025-12-12T14:38:12","date_gmt":"2025-12-12T20:38:12","guid":{"rendered":"https:\/\/visionpeninsular.com\/mid\/?p=209402"},"modified":"2025-12-12T14:38:18","modified_gmt":"2025-12-12T20:38:18","slug":"cecilia-patron-reconoce-valores-civicos-y-culturales-de-la-ciudadania","status":"publish","type":"post","link":"https:\/\/visionpeninsular.com\/mid\/cecilia-patron-reconoce-valores-civicos-y-culturales-de-la-ciudadania\/","title":{"rendered":"Cecilia Patr\u00f3n reconoce valores c\u00edvicos y culturales de la ciudadan\u00eda"},"content":{"rendered":"\n<p>M\u00e9rida, 12 de diciembre, 2025.- Ocho ciudadanos, organizaciones y colectivos que fortalecen los valores c\u00edvicos y culturales del municipio fueron reconocidos con el Premio Ayuntamiento de M\u00e9rida a la Cultura Ciudadana 2025, durante una Sesi\u00f3n Solemne de Cabildo encabezada por la presidenta municipal Cecilia Patr\u00f3n Laviada.<\/p>\n\n\n\n<p>\u201cCon valores c\u00edvicos y culturales, fortalecen la gran comunidad que somos. Nuestra M\u00e9rida es c\u00e1lida, armoniosa y \u00fanica, pero lo que verdaderamente la hace excepcional es su gente\u201d, afirm\u00f3 la alcaldesa al dirigir un mensaje a las y los galardonados y sus familias.<\/p>\n\n\n\n<p>La entrega del premio se realiz\u00f3 en el marco de la conmemoraci\u00f3n de la Declaraci\u00f3n Universal de los Derechos Humanos, proclamada el 10 de diciembre de 1948 por la Asamblea General de las Naciones Unidas. El galard\u00f3n tiene la finalidad de reconocer a habitantes, asociaciones civiles, organizaciones no gubernamentales y colectivos que contribuyen al fortalecimiento de los valores que distinguen a la capital yucateca.<\/p>\n\n\n\n<p>La convocatoria fue emitida en octubre de este a\u00f1o, reafirmando el compromiso del Ayuntamiento por impulsar acciones que promuevan la cultura c\u00edvica, el respeto, la identidad, la participaci\u00f3n activa y la construcci\u00f3n de ciudadan\u00eda.<\/p>\n\n\n\n<p>Durante la ceremonia, Cecilia Patr\u00f3n destac\u00f3 que el impulso de M\u00e9rida se refleja en cada mujer que transforma su entorno, en las juventudes que imaginan un mejor futuro, en las ni\u00f1as y ni\u00f1os que llenan la ciudad de alegr\u00eda y en las personas mayores que la gu\u00edan con su sabidur\u00eda. Subray\u00f3 que quienes recibieron el premio son un ejemplo de que el trabajo en comunidad mejora las condiciones de vida y fortalece el tejido social.<\/p>\n\n\n\n<p>\u201cCuando la gente se organiza y participa, M\u00e9rida se vuelve m\u00e1s ordenada, m\u00e1s generosa y m\u00e1s nuestra\u201d, expres\u00f3. A\u00f1adi\u00f3 que la construcci\u00f3n del bien com\u00fan no es exclusiva del gobierno municipal, sino un esfuerzo compartido basado en la solidaridad, la cooperaci\u00f3n y el compromiso social.<\/p>\n\n\n\n<figure class=\"wp-block-image size-full\"><img loading=\"lazy\" width=\"600\" height=\"400\" src=\"https:\/\/visionpeninsular.com\/mid\/wp-content\/uploads\/2025\/12\/valors-civicos.jpg\" alt=\"\" class=\"wp-image-209405\" srcset=\"https:\/\/visionpeninsular.com\/mid\/wp-content\/uploads\/2025\/12\/valors-civicos.jpg 600w, https:\/\/visionpeninsular.com\/mid\/wp-content\/uploads\/2025\/12\/valors-civicos-300x200.jpg 300w\" sizes=\"(max-width: 600px) 100vw, 600px\" \/><\/figure>\n\n\n\n<p>Los recipiendarios del Premio Ayuntamiento de M\u00e9rida a la Cultura Ciudadana 2025 fueron:<\/p>\n\n\n\n<ul><li>Martha Sam Yick Dom\u00ednguez, presidenta de la Asociaci\u00f3n Alas Unidas con Liam (Valores Ciudadanos).<\/li><li>Comedor Zarig\u00fceyas, representado por Marina Buenrostro (Participaci\u00f3n Ciudadana Solidaria).<\/li><li>Carlos Alberto Cob\u00e1 Lor\u00eda (Convivencia con el Entorno Ambiental).<\/li><li>Elena Clementina Fern\u00e1ndez Moral (Tradiciones, Usos y Costumbres).<\/li><li>Manuel Jes\u00fas Zavala G\u00f3mez (Historia y Cr\u00f3nica).<\/li><li>Diego Mariano Olivera Cal, Convoy Teatro (Empresas Culturales).<\/li><li>Chef Roberto Sol\u00eds Azarcoya (Gastronom\u00eda).<\/li><\/ul>\n\n\n\n<p>A nombre de los galardonados, Manuel Jes\u00fas Zavala G\u00f3mez record\u00f3 que M\u00e9rida fue la primera ciudad mexicana en firmar una carta de derechos culturales en 2015, estableciendo una pol\u00edtica cultural s\u00f3lida que se nutre del trabajo de la ciudadan\u00eda. Agradeci\u00f3 la distinci\u00f3n y afirm\u00f3 que este reconocimiento refleja el compromiso colectivo por hacer de M\u00e9rida un mejor lugar para vivir.<\/p>\n\n\n\n<p>La ceremonia se llev\u00f3 a cabo en el patio central del Centro Cultural Olimpo y cont\u00f3 con la presencia de regidores, funcionarios municipales, integrantes de la comunidad art\u00edstica, acad\u00e9micos, ex recipiendarios y ciudadan\u00eda en general.<\/p>\n<div class='share-to-whatsapp-wrapper'><div class='share-on-whsp'>Share on: <\/div><a data-text='Cecilia Patr\u00f3n reconoce valores c\u00edvicos y culturales de la ciudadan\u00eda' data-link='https:\/\/visionpeninsular.com\/mid\/cecilia-patron-reconoce-valores-civicos-y-culturales-de-la-ciudadania\/' class='whatsapp-button whatsapp-share'>WhatsApp<\/a><div class='clear '><\/div><\/div>","protected":false},"excerpt":{"rendered":"<p>M\u00e9rida, 12 de diciembre, 2025.- Ocho ciudadanos, organizaciones y colectivos que fortalecen los valores c\u00edvicos y culturales del municipio fueron reconocidos con el Premio Ayuntamiento de M\u00e9rida a la Cultura Ciudadana 2025, durante una Sesi\u00f3n Solemne de Cabildo encabezada por la presidenta municipal Cecilia Patr\u00f3n Laviada. \u201cCon valores c\u00edvicos y culturales, fortalecen la gran comunidad &hellip;<\/p>\n","protected":false},"author":5,"featured_media":209404,"comment_status":"open","ping_status":"open","sticky":false,"template":"","format":"standard","meta":{"_mi_skip_tracking":false},"categories":[49,37],"tags":[41,5668,51627],"_links":{"self":[{"href":"https:\/\/visionpeninsular.com\/mid\/wp-json\/wp\/v2\/posts\/209402"}],"collection":[{"href":"https:\/\/visionpeninsular.com\/mid\/wp-json\/wp\/v2\/posts"}],"about":[{"href":"https:\/\/visionpeninsular.com\/mid\/wp-json\/wp\/v2\/types\/post"}],"author":[{"embeddable":true,"href":"https:\/\/visionpeninsular.com\/mid\/wp-json\/wp\/v2\/users\/5"}],"replies":[{"embeddable":true,"href":"https:\/\/visionpeninsular.com\/mid\/wp-json\/wp\/v2\/comments?post=209402"}],"version-history":[{"count":1,"href":"https:\/\/visionpeninsular.com\/mid\/wp-json\/wp\/v2\/posts\/209402\/revisions"}],"predecessor-version":[{"id":209406,"href":"https:\/\/visionpeninsular.com\/mid\/wp-json\/wp\/v2\/posts\/209402\/revisions\/209406"}],"wp:featuredmedia":[{"embeddable":true,"href":"https:\/\/visionpeninsular.com\/mid\/wp-json\/wp\/v2\/media\/209404"}],"wp:attachment":[{"href":"https:\/\/visionpeninsular.com\/mid\/wp-json\/wp\/v2\/media?parent=209402"}],"wp:term":[{"taxonomy":"category","embeddable":true,"href":"https:\/\/visionpeninsular.com\/mid\/wp-json\/wp\/v2\/categories?post=209402"},{"taxonomy":"post_tag","embeddable":true,"href":"https:\/\/visionpeninsular.com\/mid\/wp-json\/wp\/v2\/tags?post=209402"}],"curies":[{"name":"wp","href":"https:\/\/api.w.org\/{rel}","templated":true}]}}