{"id":209201,"date":"2025-12-05T14:14:30","date_gmt":"2025-12-05T20:14:30","guid":{"rendered":"https:\/\/visionpeninsular.com\/mid\/?p=209201"},"modified":"2025-12-05T14:14:33","modified_gmt":"2025-12-05T20:14:33","slug":"inauguran-nueva-exposicion-del-artista-yucateco-manuel-mathar","status":"publish","type":"post","link":"https:\/\/visionpeninsular.com\/mid\/inauguran-nueva-exposicion-del-artista-yucateco-manuel-mathar\/","title":{"rendered":"Inauguran nueva exposici\u00f3n del artista yucateco Manuel Mathar"},"content":{"rendered":"\n<p>M\u00e9rida, 5 de diciembre de 2025.- Como parte del programa Oto\u00f1o Cultural 2025, la Secretar\u00eda de la Cultura y las Artes (Sedeculta) inaugur\u00f3 la exposici\u00f3n \u201cLa Estudiante de Praga\u201d, una colecci\u00f3n del pintor yucateco Manuel Mathar que explora la dualidad, la psicolog\u00eda del color y la relaci\u00f3n entre personajes a trav\u00e9s de retratos cargados de simbolismo.<\/p>\n\n\n\n<p>La muestra, instalada en la Galer\u00eda del Callej\u00f3n del Teatro Pe\u00f3n Contreras, retoma elementos del filme \u201cEl estudiante de Praga\u201d (1913), considerado uno de los primeros referentes del cine de terror silente. Desde esta inspiraci\u00f3n, Mathar propone un universo pict\u00f3rico en el que los personajes parecen comunicarse entre s\u00ed, incluso de una pieza a otra, creando un di\u00e1logo visual continuo.<\/p>\n\n\n\n<p>La exposici\u00f3n surge de una revisi\u00f3n personal del material del artista a partir de su reciente incorporaci\u00f3n al Sistema Nacional de Creadores de Arte (2024). Las obras, que tambi\u00e9n estar\u00e1n disponibles para su venta, conforman un recorrido en el que el color funge como un lenguaje emocional que se vincula con la ciudad de M\u00e9rida y su identidad cultural.<\/p>\n\n\n\n<p>Durante la inauguraci\u00f3n, Mathar destac\u00f3 que la colecci\u00f3n busca generar conversaci\u00f3n a partir de la observaci\u00f3n cercana de cada retrato y su relaci\u00f3n con el resto, dando pie a m\u00faltiples lecturas sobre la duplicidad, uno de los ejes centrales del filme que inspira el nombre de la muestra. La pieza principal, una figura femenina, establece una referencia directa a esta narrativa.<\/p>\n\n\n\n<p>Por su parte, la secretaria de la Cultura y las Artes, Patricia Mart\u00edn Brice\u00f1o, reconoci\u00f3 el trabajo del pintor como parte esencial de la escena creativa contempor\u00e1nea del estado, subrayando que su propuesta aporta nuevas miradas y fortalece la diversidad art\u00edstica de Yucat\u00e1n.<\/p>\n\n\n\n<p>En \u201cLa Estudiante de Praga\u201d, cada obra forma parte de un tejido visual que invita a recorrer la galer\u00eda desde distintas direcciones para descubrir los puntos de encuentro entre retratos, colores y emociones. El resultado es una composici\u00f3n envolvente que va m\u00e1s all\u00e1 de cada pieza individual.<\/p>\n\n\n\n<p>Manuel Mathar, egresado de la Universidad de Monterrey, cuenta con m\u00e1s de 23 exposiciones individuales y ha participado en m\u00e1s de cien colectivas en pa\u00edses como Estados Unidos, B\u00e9lgica, Francia, Belice, Honduras, Argentina y M\u00e9xico. Ha sido becario del programa J\u00f3venes Creadores y miembro del Sistema Nacional de Creadores en 2011, 2019 y 2024.<\/p>\n\n\n\n<p>La exposici\u00f3n permanecer\u00e1 abierta al p\u00fablico de martes a s\u00e1bado, de 10:00 a.m. a 5:00 p.m., con entrada gratuita, reforzando el compromiso de Sedeculta con la promoci\u00f3n del talento yucateco y la ampliaci\u00f3n de la oferta cultural en el estado.<\/p>\n<div class='share-to-whatsapp-wrapper'><div class='share-on-whsp'>Share on: <\/div><a data-text='Inauguran nueva exposici\u00f3n del artista yucateco Manuel Mathar' data-link='https:\/\/visionpeninsular.com\/mid\/inauguran-nueva-exposicion-del-artista-yucateco-manuel-mathar\/' class='whatsapp-button whatsapp-share'>WhatsApp<\/a><div class='clear '><\/div><\/div>","protected":false},"excerpt":{"rendered":"<p>M\u00e9rida, 5 de diciembre de 2025.- Como parte del programa Oto\u00f1o Cultural 2025, la Secretar\u00eda de la Cultura y las Artes (Sedeculta) inaugur\u00f3 la exposici\u00f3n \u201cLa Estudiante de Praga\u201d, una colecci\u00f3n del pintor yucateco Manuel Mathar que explora la dualidad, la psicolog\u00eda del color y la relaci\u00f3n entre personajes a trav\u00e9s de retratos cargados de &hellip;<\/p>\n","protected":false},"author":5,"featured_media":209203,"comment_status":"open","ping_status":"open","sticky":false,"template":"","format":"standard","meta":{"_mi_skip_tracking":false},"categories":[49,37],"tags":[12086,185,51509,51510,1557],"_links":{"self":[{"href":"https:\/\/visionpeninsular.com\/mid\/wp-json\/wp\/v2\/posts\/209201"}],"collection":[{"href":"https:\/\/visionpeninsular.com\/mid\/wp-json\/wp\/v2\/posts"}],"about":[{"href":"https:\/\/visionpeninsular.com\/mid\/wp-json\/wp\/v2\/types\/post"}],"author":[{"embeddable":true,"href":"https:\/\/visionpeninsular.com\/mid\/wp-json\/wp\/v2\/users\/5"}],"replies":[{"embeddable":true,"href":"https:\/\/visionpeninsular.com\/mid\/wp-json\/wp\/v2\/comments?post=209201"}],"version-history":[{"count":1,"href":"https:\/\/visionpeninsular.com\/mid\/wp-json\/wp\/v2\/posts\/209201\/revisions"}],"predecessor-version":[{"id":209204,"href":"https:\/\/visionpeninsular.com\/mid\/wp-json\/wp\/v2\/posts\/209201\/revisions\/209204"}],"wp:featuredmedia":[{"embeddable":true,"href":"https:\/\/visionpeninsular.com\/mid\/wp-json\/wp\/v2\/media\/209203"}],"wp:attachment":[{"href":"https:\/\/visionpeninsular.com\/mid\/wp-json\/wp\/v2\/media?parent=209201"}],"wp:term":[{"taxonomy":"category","embeddable":true,"href":"https:\/\/visionpeninsular.com\/mid\/wp-json\/wp\/v2\/categories?post=209201"},{"taxonomy":"post_tag","embeddable":true,"href":"https:\/\/visionpeninsular.com\/mid\/wp-json\/wp\/v2\/tags?post=209201"}],"curies":[{"name":"wp","href":"https:\/\/api.w.org\/{rel}","templated":true}]}}