{"id":208870,"date":"2025-11-25T19:04:24","date_gmt":"2025-11-26T01:04:24","guid":{"rendered":"https:\/\/visionpeninsular.com\/mid\/?p=208870"},"modified":"2025-11-25T19:04:29","modified_gmt":"2025-11-26T01:04:29","slug":"retratos-de-familia-merida-la-mujeres-y-su-sabiduria-ancestral","status":"publish","type":"post","link":"https:\/\/visionpeninsular.com\/mid\/retratos-de-familia-merida-la-mujeres-y-su-sabiduria-ancestral\/","title":{"rendered":"\u201cRetratos de familia\u201d. M\u00e9rida: La Mujeres y su Sabidur\u00eda Ancestral"},"content":{"rendered":"\n<p>M\u00e9rida, 25 de noviembre de 2025.- El Ayuntamiento de M\u00e9rida, encabezado por la alcaldesa Cecilia Patr\u00f3n Laviada, llev\u00f3 a cabo con amplia participaci\u00f3n ciudadana la pasarela \u201cRetratos de Familia: Entre la Vida y la Muerte\u201d y la Master Class \u201cModa, Identidad y Creatividad\u201d, actividades que forman parte del proyecto cultural \u201cM\u00e9rida: Las Mujeres y su Sabidur\u00eda Ancestral\u201d.<\/p>\n\n\n\n<p>Esta iniciativa &nbsp;reconoce la memoria, el legado y el aporte social de mujeres mayores de 60 a\u00f1os, quienes han transmitido saberes, oficios y tradiciones que fortalecen la identidad cultural de la ciudad.<\/p>\n\n\n\n<p>Arturo Le\u00f3n Itz\u00e1, director de Desarrollo Social y Combate a la Pobreza, destac\u00f3 que estas actividades representan un homenaje necesario a quienes han resguardado los conocimientos que dan forma a la cultura meridana.<\/p>\n\n\n\n<figure class=\"wp-block-image size-full\"><img loading=\"lazy\" width=\"595\" height=\"400\" src=\"https:\/\/visionpeninsular.com\/mid\/wp-content\/uploads\/2025\/11\/retrato-pasarela.jpg\" alt=\"\" class=\"wp-image-208873\" srcset=\"https:\/\/visionpeninsular.com\/mid\/wp-content\/uploads\/2025\/11\/retrato-pasarela.jpg 595w, https:\/\/visionpeninsular.com\/mid\/wp-content\/uploads\/2025\/11\/retrato-pasarela-300x202.jpg 300w, https:\/\/visionpeninsular.com\/mid\/wp-content\/uploads\/2025\/11\/retrato-pasarela-110x75.jpg 110w\" sizes=\"(max-width: 595px) 100vw, 595px\" \/><\/figure>\n\n\n\n<p>\u201cEn M\u00e9rida tenemos una gran deuda de gratitud con nuestras mujeres mayores, porque son ellas quienes han conservado los saberes que hoy forman parte de nuestra cultura, nuestras costumbres y nuestra forma de ver el mundo\u201d, afirm\u00f3.<\/p>\n\n\n\n<p>La pasarela se realiz\u00f3 en el Parque de la Paz como parte del M\u00e9rida Arte + Moda Fashion Show, con una puesta en escena inspirada en retratos familiares tradicionales de principios del siglo XX. Mujeres y hombres modelaron indumentaria artesanal elaborada en M\u00e9rida y en comunidades como Ixil, San Jos\u00e9 Oriente y Kimbil\u00e1.<\/p>\n\n\n\n<p>El cierre del desfile present\u00f3 retratos individuales de cada participante, representando las distintas etapas de la vida de la mujer, culminando con la imagen de una mujer embarazada como s\u00edmbolo de continuidad, memoria y ra\u00edces que sostienen a M\u00e9rida y a Yucat\u00e1n.<\/p>\n\n\n\n<p>El evento present\u00f3 125 piezas de dise\u00f1o en colaboraci\u00f3n con el dise\u00f1ador Pompi Garc\u00eda, modeladas por 65 profesionales de las firmas Muum y de In Love M\u00e9xico, bajo la direcci\u00f3n creativa del dise\u00f1ador Guillermo Alay\u00f3n, reconocido por su trabajo con comunidades artesanales y su propuesta que reivindica la identidad yucateca desde la moda contempor\u00e1nea. Tambi\u00e9n participaron jaraneras y jaraneros del Centro Aprende Miraflores, quienes aportaron m\u00fasica y tradici\u00f3n a la noche.<\/p>\n\n\n\n<figure class=\"wp-block-image size-full\"><img loading=\"lazy\" width=\"600\" height=\"400\" src=\"https:\/\/visionpeninsular.com\/mid\/wp-content\/uploads\/2025\/11\/pasarela-2.jpg\" alt=\"\" class=\"wp-image-208874\" srcset=\"https:\/\/visionpeninsular.com\/mid\/wp-content\/uploads\/2025\/11\/pasarela-2.jpg 600w, https:\/\/visionpeninsular.com\/mid\/wp-content\/uploads\/2025\/11\/pasarela-2-300x200.jpg 300w\" sizes=\"(max-width: 600px) 100vw, 600px\" \/><\/figure>\n\n\n\n<p>Como parte del mismo programa, se imparti\u00f3 la Master Class \u201cModa, Identidad y Creatividad\u201d en el Centro Cultural Olimpo, dirigida a j\u00f3venes dise\u00f1adores, artistas, fot\u00f3grafos y creativos. La sesi\u00f3n incluy\u00f3 ejercicios pr\u00e1cticos de estilismo, fotograf\u00eda y maquillaje con mujeres mayores como modelos, generando un di\u00e1logo entre experiencia, memoria e innovaci\u00f3n.<\/p>\n\n\n\n<p>\u201cHoy en M\u00e9rida apostamos por proyectos que unen generaciones, que valoran la historia viva y que reconocen el papel de nuestras mujeres como portadoras de cultura\u201d, destac\u00f3 Arturo Le\u00f3n.<\/p>\n\n\n\n<p>Entre los asistentes estuvieron Arturo Le\u00f3n Itz\u00e1, director de Desarrollo Social y Combate a la Pobreza; Claudia Isela Chapa Cort\u00e9s, subdirectora de Cultura; el dise\u00f1ador Pompi Garc\u00eda; Elda May y Jonathan Uitz, de la marca Muum de Kimbil\u00e1; y Guillermo Alay\u00f3n, director creativo de In Love M\u00e9xico.<\/p>\n\n\n\n<p>Con estas acciones, el Ayuntamiento de M\u00e9rida reafirma su compromiso de construir una ciudad humana, cercana y con oportunidades que alcancen a todas las personas, especialmente a quienes mantienen viva la identidad cultural del municipio.<\/p>\n\n\n\n<p>Para mayor informaci\u00f3n sobre programas sociales, la ciudadan\u00eda puede acudir a las ventanillas de la Direcci\u00f3n de Desarrollo Social y Combate a la Pobreza, ubicadas en C. 65 No. 368 Int. x 40 y 42, Centro, o comunicarse al 999 924 6900 y 999 924 6962, ext. 81750, de lunes a viernes de 8:00 a 15:00 horas.<\/p>\n<div class='share-to-whatsapp-wrapper'><div class='share-on-whsp'>Share on: <\/div><a data-text='\u201cRetratos de familia\u201d. M\u00e9rida: La Mujeres y su Sabidur\u00eda Ancestral' data-link='https:\/\/visionpeninsular.com\/mid\/retratos-de-familia-merida-la-mujeres-y-su-sabiduria-ancestral\/' class='whatsapp-button whatsapp-share'>WhatsApp<\/a><div class='clear '><\/div><\/div>","protected":false},"excerpt":{"rendered":"<p>M\u00e9rida, 25 de noviembre de 2025.- El Ayuntamiento de M\u00e9rida, encabezado por la alcaldesa Cecilia Patr\u00f3n Laviada, llev\u00f3 a cabo con amplia participaci\u00f3n ciudadana la pasarela \u201cRetratos de Familia: Entre la Vida y la Muerte\u201d y la Master Class \u201cModa, Identidad y Creatividad\u201d, actividades que forman parte del proyecto cultural \u201cM\u00e9rida: Las Mujeres y su &hellip;<\/p>\n","protected":false},"author":5,"featured_media":208872,"comment_status":"open","ping_status":"open","sticky":false,"template":"","format":"standard","meta":{"_mi_skip_tracking":false},"categories":[49,37],"tags":[41,5668,51348,51347],"_links":{"self":[{"href":"https:\/\/visionpeninsular.com\/mid\/wp-json\/wp\/v2\/posts\/208870"}],"collection":[{"href":"https:\/\/visionpeninsular.com\/mid\/wp-json\/wp\/v2\/posts"}],"about":[{"href":"https:\/\/visionpeninsular.com\/mid\/wp-json\/wp\/v2\/types\/post"}],"author":[{"embeddable":true,"href":"https:\/\/visionpeninsular.com\/mid\/wp-json\/wp\/v2\/users\/5"}],"replies":[{"embeddable":true,"href":"https:\/\/visionpeninsular.com\/mid\/wp-json\/wp\/v2\/comments?post=208870"}],"version-history":[{"count":1,"href":"https:\/\/visionpeninsular.com\/mid\/wp-json\/wp\/v2\/posts\/208870\/revisions"}],"predecessor-version":[{"id":208875,"href":"https:\/\/visionpeninsular.com\/mid\/wp-json\/wp\/v2\/posts\/208870\/revisions\/208875"}],"wp:featuredmedia":[{"embeddable":true,"href":"https:\/\/visionpeninsular.com\/mid\/wp-json\/wp\/v2\/media\/208872"}],"wp:attachment":[{"href":"https:\/\/visionpeninsular.com\/mid\/wp-json\/wp\/v2\/media?parent=208870"}],"wp:term":[{"taxonomy":"category","embeddable":true,"href":"https:\/\/visionpeninsular.com\/mid\/wp-json\/wp\/v2\/categories?post=208870"},{"taxonomy":"post_tag","embeddable":true,"href":"https:\/\/visionpeninsular.com\/mid\/wp-json\/wp\/v2\/tags?post=208870"}],"curies":[{"name":"wp","href":"https:\/\/api.w.org\/{rel}","templated":true}]}}