{"id":208816,"date":"2025-11-24T12:24:45","date_gmt":"2025-11-24T18:24:45","guid":{"rendered":"https:\/\/visionpeninsular.com\/mid\/?p=208816"},"modified":"2025-11-24T12:24:47","modified_gmt":"2025-11-24T18:24:47","slug":"movilizacion-de-mujeres-contra-la-violencia-feminicida-y-reclamo-por-la-falta-de-entrega-de-recurso-a-refugios-este-25n","status":"publish","type":"post","link":"https:\/\/visionpeninsular.com\/mid\/movilizacion-de-mujeres-contra-la-violencia-feminicida-y-reclamo-por-la-falta-de-entrega-de-recurso-a-refugios-este-25n\/","title":{"rendered":"Movilizaci\u00f3n de mujeres contra la violencia feminicida y  reclamo por la falta de entrega de recurso a refugios, este 25N"},"content":{"rendered":"\n<p>Por: SemM\u00e9xico<\/p>\n\n\n\n<ul><li><strong><em>Saldr\u00e1n las mujeres&nbsp; en al menos 10 marchas en 7 entidades del pa\u00eds: piden seguridad<\/em><\/strong><\/li><\/ul>\n\n\n\n<p>Elda Montiel<\/p>\n\n\n\n<p>SemM\u00e9xico,&nbsp; Cd. de M\u00e9xico, 23 de noviembre,&nbsp; 2025.- Este 25 de Noviembre \u201cDia Internacional para erradicar e la Violencia contra la Mujer\u201d las organizaciones feministas y colectivas se aprestan a realizar m\u00e1s que una marcha, decenas de movilizaciones , contra la violencia feminicida que enfrenta el pa\u00eds,&nbsp; se encuentra un alto a la detenci\u00f3n arbitraria de manifestantes y&nbsp; fabricaci\u00f3n de delitos contra las activistas.<\/p>\n\n\n\n<p>Dos estados adelantaron la marcha, Tlaxcala el s\u00e1bado y San Luis Potos\u00ed el domingo, mientras que organizaciones como la Coordinaci\u00f3n 8M-19 convoc\u00f3 desde octubre con varias reuniones on line. Otros prepararon igualmente los tendederos contra los agresores ya sean funcionarios, profesionistas o familiares y en Morelos est\u00e1 previsto develar un mural con rostros de v\u00edctimas de feminicidios.<\/p>\n\n\n\n<p>No es una marcha es una movilizaci\u00f3n de mujeres, las que \u00a1No llegamos todas! con&nbsp; la primer presidenta de M\u00e9xico, Claudia Sheinbaum Pardo, de acuerdo a la convocatoria de la Coordinaci\u00f3n 8M-19 este 25N Dia Internacional de la Violencia contra la Mujer.<\/p>\n\n\n\n<p>La cita es en la Plaza de las Glorieta de las Mujeres que Luchan a las 3 de la tarde con una parada simb\u00f3lica en La Plaza Palestina Libre, lo que llama la atenci\u00f3n entre todas las demandas de \u00a1Alto al Feminicidio!, \u00a1Las ni\u00f1as no se tocan!, \u00a1El aborto legal, seguro y gratuito ya! est\u00e1 en el \u00a1Alto a criminalizaci\u00f3n de nuestra protesta contra la fabricaci\u00f3n de delitos a las activistas sociales!<\/p>\n\n\n\n<p>Reuniones digitales desde octubre hasta los \u00faltimos d\u00edas fueron realizadas para organizar la movilizaci\u00f3n, planeada para ser pac\u00edfica y tener seguridad ante provocaciones.<\/p>\n\n\n\n<p><strong>Red Nacional de Refugios (RNR)<\/strong> le recuerda al gobierno que debe cumplir con la entrega total del presupuesto 2025, y transparentar el del 2026, porque no se puede deslindar de su responsabilidad: \u201cGarantizar refugios es obligaci\u00f3n no un concesi\u00f3n\u201d.<\/p>\n\n\n\n<figure class=\"wp-block-image size-full\"><img loading=\"lazy\" width=\"400\" height=\"501\" src=\"https:\/\/visionpeninsular.com\/mid\/wp-content\/uploads\/2025\/11\/ed-nacional-de-rrefugios.jpg\" alt=\"\" class=\"wp-image-208821\" srcset=\"https:\/\/visionpeninsular.com\/mid\/wp-content\/uploads\/2025\/11\/ed-nacional-de-rrefugios.jpg 400w, https:\/\/visionpeninsular.com\/mid\/wp-content\/uploads\/2025\/11\/ed-nacional-de-rrefugios-240x300.jpg 240w\" sizes=\"(max-width: 400px) 100vw, 400px\" \/><\/figure>\n\n\n\n<p>La convocatoria es: \u201cTe esperamos en Palacio Nacional para alzar la voz por nuestro derecho a vivir libres de violencia y acuerpar a nuestras compa\u00f1eras\u201d a las 13 horas.<\/p>\n\n\n\n<p>Amnist\u00eda Internacional (AI), la organizaci\u00f3n defensora de los derechos humanos m\u00e1s grande en el mundo convoca a marchar en colectividad, \u201cpor las que ya no est\u00e1n, por las que alzan la voz que vienen detr\u00e1s. El punto de reuni\u00f3n La Glorieta de las Mujeres que lucha a las 3 de la tarde.<\/p>\n\n\n\n<figure class=\"wp-block-image size-full\"><img loading=\"lazy\" width=\"400\" height=\"577\" src=\"https:\/\/visionpeninsular.com\/mid\/wp-content\/uploads\/2025\/11\/amnista-internacioal.jpg\" alt=\"\" class=\"wp-image-208822\" srcset=\"https:\/\/visionpeninsular.com\/mid\/wp-content\/uploads\/2025\/11\/amnista-internacioal.jpg 400w, https:\/\/visionpeninsular.com\/mid\/wp-content\/uploads\/2025\/11\/amnista-internacioal-208x300.jpg 208w\" sizes=\"(max-width: 400px) 100vw, 400px\" \/><\/figure>\n\n\n\n<p><strong>Contingente Justicia para Diana<\/strong> de Chimalhuac\u00e1n al z\u00f3calo, convocan familiares de Diana Vel\u00e1zquez Florencio, v\u00edctima de feminicidio en Chimalhuac\u00e1n el 2 de julio de 2017.<\/p>\n\n\n\n<p>El caso es emblem\u00e1tico por las graves irregularidades del caso por parte de la autoridad que no hizo caso al reporte de desaparici\u00f3n de la joven madre de 28 a\u00f1os, embarazada, cuyo cuerpo fue encontrado cerca de las instalaciones de la Procuradur\u00eda&nbsp; e identificado err\u00f3neamente como masculino. El cuerpo no fue refrigerado y estuvo en el piso durante varios d\u00edas. Fue encontrado por los familiares en una funeraria. Se sentenci\u00f3 a&nbsp; Alejandro Montes Moreno a 93 a\u00f1os, pero la familia no est\u00e1 conforme quiere justicia para todos los responsables, cuenta con el acompa\u00f1amiento de Amnist\u00eda Internacional.&nbsp;&nbsp;&nbsp;&nbsp;<\/p>\n\n\n\n<p>El primer punto de reuni\u00f3n es en la terminal del Mexibus a las 9 de la ma\u00f1ana y el segundo punto de encuentro es La victoria alada (\u00c1ngel) a las 11 horas.<\/p>\n\n\n\n<figure class=\"wp-block-image size-full\"><img loading=\"lazy\" width=\"400\" height=\"514\" src=\"https:\/\/visionpeninsular.com\/mid\/wp-content\/uploads\/2025\/11\/las-constituyentes.jpg\" alt=\"\" class=\"wp-image-208820\" srcset=\"https:\/\/visionpeninsular.com\/mid\/wp-content\/uploads\/2025\/11\/las-constituyentes.jpg 400w, https:\/\/visionpeninsular.com\/mid\/wp-content\/uploads\/2025\/11\/las-constituyentes-233x300.jpg 233w\" sizes=\"(max-width: 400px) 100vw, 400px\" \/><\/figure>\n\n\n\n<figure class=\"wp-block-image size-full\"><img loading=\"lazy\" width=\"400\" height=\"585\" src=\"https:\/\/visionpeninsular.com\/mid\/wp-content\/uploads\/2025\/11\/contingenbte-justicia-para-diaa.jpg\" alt=\"\" class=\"wp-image-208823\" srcset=\"https:\/\/visionpeninsular.com\/mid\/wp-content\/uploads\/2025\/11\/contingenbte-justicia-para-diaa.jpg 400w, https:\/\/visionpeninsular.com\/mid\/wp-content\/uploads\/2025\/11\/contingenbte-justicia-para-diaa-205x300.jpg 205w\" sizes=\"(max-width: 400px) 100vw, 400px\" \/><\/figure>\n\n\n\n<p><strong>Las Constituyentes Mx<\/strong> van a tomar las calles este 25N, la cita es a las 2 de la tarde para salir a las 3 de la tarde en el Monumento a la Revoluci\u00f3n rumbo al z\u00f3calo con parada c\u00edvica en La Glorieta de las Mujeres que Luchan.<\/p>\n\n\n\n<p><strong><em>Marchas en los Estados<\/em><\/strong><\/p>\n\n\n\n<figure class=\"wp-block-image size-full\"><img loading=\"lazy\" width=\"500\" height=\"419\" src=\"https:\/\/visionpeninsular.com\/mid\/wp-content\/uploads\/2025\/11\/25-N-rabia.jpg\" alt=\"\" class=\"wp-image-208818\" srcset=\"https:\/\/visionpeninsular.com\/mid\/wp-content\/uploads\/2025\/11\/25-N-rabia.jpg 500w, https:\/\/visionpeninsular.com\/mid\/wp-content\/uploads\/2025\/11\/25-N-rabia-300x251.jpg 300w\" sizes=\"(max-width: 500px) 100vw, 500px\" \/><\/figure>\n\n\n\n<p><strong>Consorcio Oaxaca \u00a1Ni una m\u00e1s! Marcha 25 N<\/strong> (Transincluyente). La convocatorio es a todas las mujeres diversas, colectivas, organizaciones, defensoras y activistas a tomar la calles poque\u00a0 el gobierno de Salom\u00f3n Jara sigue sin llegar a las mujeres, las ni\u00f1as, y personas trans que todos los d\u00edas est\u00e1n en riesgo quedando evidenciada la incapacidad e indiferencia ante los feminicidios, desapariciones y agresiones. La cita es a las 4 de la tarde en la Monumenta en la Ciudad de Oaxaca.<\/p>\n\n\n\n<p><strong>En Morelos colectivas feministas como Divulgadoras<\/strong> unieron esfuerzos para crear un&nbsp; los 94 casos que han ocurrido a lo largo del a\u00f1o, que ser\u00e1 develado este martes 25 de Noviembre. La marcha anual en Cuernavaca ser\u00e1 en la ayudant\u00eda del poblado de San Tlaltenango ubicada sobre la Avenida Emiliano Zapata a las 10 de la ma\u00f1ana. Se invita a asistir con carteles, y en apoyo por las familias que son v\u00edctimas indirectas y madres buscadoras.&nbsp;&nbsp;&nbsp;<\/p>\n\n\n\n<figure class=\"wp-block-image size-full\"><img loading=\"lazy\" width=\"400\" height=\"515\" src=\"https:\/\/visionpeninsular.com\/mid\/wp-content\/uploads\/2025\/11\/marea-verde-qroo.jpg\" alt=\"\" class=\"wp-image-208819\" srcset=\"https:\/\/visionpeninsular.com\/mid\/wp-content\/uploads\/2025\/11\/marea-verde-qroo.jpg 400w, https:\/\/visionpeninsular.com\/mid\/wp-content\/uploads\/2025\/11\/marea-verde-qroo-233x300.jpg 233w\" sizes=\"(max-width: 400px) 100vw, 400px\" \/><\/figure>\n\n\n\n<p><strong>Marea Verde Quintana Roo<\/strong> empez\u00f3 a organizar el tendedero desde el mes de octubre convocando a mandar nombre completo, foto, lugar donde trabaja o estudia, y el tipo de violencia que ha cometido.&nbsp; Se\u00f1ala que el 25N es la fecha en la que alzamos la voz con fuerza y todos los medios para exigir el respeto a nuestros derechos. Alertamos a otras mujeres acerca de la existencia de personas violentas y mis\u00f3ginas ya sean autoridades, profesionistas o familiares.<\/p>\n\n\n\n<p><strong>Fin de semana concentraciones en Tlaxcala y SLP<\/strong><\/p>\n\n\n\n<p><strong>En Tlaxcala, Tlax., colectivos Brujas Sororas, Sororas Vikingas y<\/strong> WRWOF realizaron una concentraci\u00f3n en el Kiosko de la Plaza de la Constituci\u00f3n, este s\u00e1bado 22 de noviembre, en el marco del 25 N con pancartas que exig\u00edan justicia, respeto y la erradicaci\u00f3n del machismo, invitaron a los transe\u00fantes a participar en una din\u00e1mica denominada \u201cviolent\u00f3metro\u201d. Tambi\u00e9n se acercaron polic\u00edas estatales y preguntaron si habr\u00eda una manifestaci\u00f3n. Tomaron fotos del evento, seg\u00fan reporte del medio digital MucipiosPuebla.<\/p>\n\n\n\n<p><strong>En San Luis Potos\u00ed,<\/strong>&nbsp; el domingo 23 de Noviembre W R WOMAN ON FIRE convoc\u00f3 a una concentraci\u00f3n a las 11 horas en la Plaza de Armas para nombrar y recordar todas las mujeres v\u00edctimas de la violencia feminicida en este pa\u00eds.&nbsp;&nbsp;&nbsp;&nbsp;&nbsp;&nbsp;&nbsp;<\/p>\n<div class='share-to-whatsapp-wrapper'><div class='share-on-whsp'>Share on: <\/div><a data-text='Movilizaci\u00f3n de mujeres contra la violencia feminicida y  reclamo por la falta de entrega de recurso a refugios, este 25N' data-link='https:\/\/visionpeninsular.com\/mid\/movilizacion-de-mujeres-contra-la-violencia-feminicida-y-reclamo-por-la-falta-de-entrega-de-recurso-a-refugios-este-25n\/' class='whatsapp-button whatsapp-share'>WhatsApp<\/a><div class='clear '><\/div><\/div>","protected":false},"excerpt":{"rendered":"<p>Por: SemM\u00e9xico Saldr\u00e1n las mujeres&nbsp; en al menos 10 marchas en 7 entidades del pa\u00eds: piden seguridad Elda Montiel SemM\u00e9xico,&nbsp; Cd. de M\u00e9xico, 23 de noviembre,&nbsp; 2025.- Este 25 de Noviembre \u201cDia Internacional para erradicar e la Violencia contra la Mujer\u201d las organizaciones feministas y colectivas se aprestan a realizar m\u00e1s que una marcha, decenas &hellip;<\/p>\n","protected":false},"author":5,"featured_media":208818,"comment_status":"open","ping_status":"open","sticky":false,"template":"","format":"standard","meta":{"_mi_skip_tracking":false},"categories":[19567],"tags":[33901,51319,190,51318],"_links":{"self":[{"href":"https:\/\/visionpeninsular.com\/mid\/wp-json\/wp\/v2\/posts\/208816"}],"collection":[{"href":"https:\/\/visionpeninsular.com\/mid\/wp-json\/wp\/v2\/posts"}],"about":[{"href":"https:\/\/visionpeninsular.com\/mid\/wp-json\/wp\/v2\/types\/post"}],"author":[{"embeddable":true,"href":"https:\/\/visionpeninsular.com\/mid\/wp-json\/wp\/v2\/users\/5"}],"replies":[{"embeddable":true,"href":"https:\/\/visionpeninsular.com\/mid\/wp-json\/wp\/v2\/comments?post=208816"}],"version-history":[{"count":1,"href":"https:\/\/visionpeninsular.com\/mid\/wp-json\/wp\/v2\/posts\/208816\/revisions"}],"predecessor-version":[{"id":208824,"href":"https:\/\/visionpeninsular.com\/mid\/wp-json\/wp\/v2\/posts\/208816\/revisions\/208824"}],"wp:featuredmedia":[{"embeddable":true,"href":"https:\/\/visionpeninsular.com\/mid\/wp-json\/wp\/v2\/media\/208818"}],"wp:attachment":[{"href":"https:\/\/visionpeninsular.com\/mid\/wp-json\/wp\/v2\/media?parent=208816"}],"wp:term":[{"taxonomy":"category","embeddable":true,"href":"https:\/\/visionpeninsular.com\/mid\/wp-json\/wp\/v2\/categories?post=208816"},{"taxonomy":"post_tag","embeddable":true,"href":"https:\/\/visionpeninsular.com\/mid\/wp-json\/wp\/v2\/tags?post=208816"}],"curies":[{"name":"wp","href":"https:\/\/api.w.org\/{rel}","templated":true}]}}