{"id":208782,"date":"2025-11-22T11:55:37","date_gmt":"2025-11-22T17:55:37","guid":{"rendered":"https:\/\/visionpeninsular.com\/mid\/?p=208782"},"modified":"2025-11-22T11:55:41","modified_gmt":"2025-11-22T17:55:41","slug":"celebrando-los-484-anos-de-la-chula-con-el-merida-fest","status":"publish","type":"post","link":"https:\/\/visionpeninsular.com\/mid\/celebrando-los-484-anos-de-la-chula-con-el-merida-fest\/","title":{"rendered":"Celebrando los 484 a\u00f1os de \u201cLa Chula\u201d con el M\u00e9rida Fest"},"content":{"rendered":"\n<p>M\u00e9rida, 22 de noviembre, 2025.- \u201cLa Chula\u201d cumplir\u00e1 484 a\u00f1os de su fundaci\u00f3n y para celebrarlo el Ayuntamiento realizar\u00e1 el M\u00e9rida Fest 2026 del 5 al 18 de enero.<\/p>\n\n\n\n<p>Con amplia cartelera que dio a conocer la presidenta municipal Cecilia Patr\u00f3n Laviada, se anunci\u00f3 una magna fiesta.<\/p>\n\n\n\n<p>\u201cLa Chula cumplir\u00e1 484 a\u00f1os, y qu\u00e9 mejor forma de reconocer estos a\u00f1os de nobleza y lealtad que a trav\u00e9s de la cultura\u201d, se\u00f1al\u00f3 la mun\u00edcipe.<\/p>\n\n\n\n<p>\u00bfCu\u00e1l es el plato fuerte de los 484 a\u00f1os de M\u00e9rida?<\/p>\n\n\n\n<p>La fiesta contar\u00e1 con los conciertos estelares de Reik y el estreno mundial del homenaje al maestro Armando Manzanero titulado \u201cManzanero regresa a casa\u201d, que contar\u00e1 con las voces de Francisco C\u00e9spedes, Alex Lora, Gina Osorno, David Cavazos, Los Juglares y Juan Pablo Manzanero.<\/p>\n\n\n\n<p>El M\u00e9rida Fest 2026 tendr\u00e1 90 proyectos art\u00edsticos, 203 actividades y presentaciones con la participaci\u00f3n de 909 artistas locales y de ocho pa\u00edses invitados: Cuba, Alemania, Estados Unidos, Argentina, Espa\u00f1a, Colombia, B\u00e9lgica y Uruguay.<\/p>\n\n\n\n<p>El programa ser\u00e1 en 83 diferentes sedes donde las familias meridanas y visitantes podr\u00e1n disfrutar de cada evento de forma gratuita.<\/p>\n\n\n\n<p>Tambi\u00e9n anunci\u00f3 que habr\u00e1 tres estrenos estelares internacionales de la Orquesta Cubateca con Jazz del Mayab y del Caribe, el Festival Crece con m\u00fasica para las infancias y SacBeats; y Mar\u00eda Moctezuma &amp; Djonni L\u00e1ser, una conexi\u00f3n entre la ra\u00edz mesoamericana y el beat global.<\/p>\n\n\n\n<p>Se preparan los eventos tradicionales como la Alborada, para cantarle las ma\u00f1anitas a nuestra ciudad; la misa en la Catedral con la participaci\u00f3n de la Orquesta de C\u00e1mara y el Coro de la Ciudad; la serenata y la Semana Meridana.<\/p>\n\n\n\n<p>Dentro de las disciplinas que conforman este festejo a M\u00e9rida se encuentran artistas de m\u00fasica con 27 proyectos y 34 presentaciones; 11 eventos tradicionales con 12 presentaciones; tandas regionales con 30 presentaciones; y nueve proyectos teatrales con 26 presentaciones; cine con un proyecto art\u00edstico en tres proyecciones, y un fashion week \u201cLo hecho en M\u00e9xico Ball\u201d.<\/p>\n\n\n\n<p>Para consultar la cartelera oficial y disfrutar en familia de esta celebraci\u00f3n pueden ingresar a <a href=\"http:\/\/www.merida.gob.mx\/meridafest\">www.merida.gob.mx\/meridafest<\/a><\/p>\n<div class='share-to-whatsapp-wrapper'><div class='share-on-whsp'>Share on: <\/div><a data-text='Celebrando los 484 a\u00f1os de \u201cLa Chula\u201d con el M\u00e9rida Fest' data-link='https:\/\/visionpeninsular.com\/mid\/celebrando-los-484-anos-de-la-chula-con-el-merida-fest\/' class='whatsapp-button whatsapp-share'>WhatsApp<\/a><div class='clear '><\/div><\/div>","protected":false},"excerpt":{"rendered":"<p>M\u00e9rida, 22 de noviembre, 2025.- \u201cLa Chula\u201d cumplir\u00e1 484 a\u00f1os de su fundaci\u00f3n y para celebrarlo el Ayuntamiento realizar\u00e1 el M\u00e9rida Fest 2026 del 5 al 18 de enero. Con amplia cartelera que dio a conocer la presidenta municipal Cecilia Patr\u00f3n Laviada, se anunci\u00f3 una magna fiesta. \u201cLa Chula cumplir\u00e1 484 a\u00f1os, y qu\u00e9 mejor &hellip;<\/p>\n","protected":false},"author":5,"featured_media":208784,"comment_status":"open","ping_status":"open","sticky":false,"template":"","format":"standard","meta":{"_mi_skip_tracking":false},"categories":[49,37],"tags":[51300,41,5668,51299],"_links":{"self":[{"href":"https:\/\/visionpeninsular.com\/mid\/wp-json\/wp\/v2\/posts\/208782"}],"collection":[{"href":"https:\/\/visionpeninsular.com\/mid\/wp-json\/wp\/v2\/posts"}],"about":[{"href":"https:\/\/visionpeninsular.com\/mid\/wp-json\/wp\/v2\/types\/post"}],"author":[{"embeddable":true,"href":"https:\/\/visionpeninsular.com\/mid\/wp-json\/wp\/v2\/users\/5"}],"replies":[{"embeddable":true,"href":"https:\/\/visionpeninsular.com\/mid\/wp-json\/wp\/v2\/comments?post=208782"}],"version-history":[{"count":1,"href":"https:\/\/visionpeninsular.com\/mid\/wp-json\/wp\/v2\/posts\/208782\/revisions"}],"predecessor-version":[{"id":208785,"href":"https:\/\/visionpeninsular.com\/mid\/wp-json\/wp\/v2\/posts\/208782\/revisions\/208785"}],"wp:featuredmedia":[{"embeddable":true,"href":"https:\/\/visionpeninsular.com\/mid\/wp-json\/wp\/v2\/media\/208784"}],"wp:attachment":[{"href":"https:\/\/visionpeninsular.com\/mid\/wp-json\/wp\/v2\/media?parent=208782"}],"wp:term":[{"taxonomy":"category","embeddable":true,"href":"https:\/\/visionpeninsular.com\/mid\/wp-json\/wp\/v2\/categories?post=208782"},{"taxonomy":"post_tag","embeddable":true,"href":"https:\/\/visionpeninsular.com\/mid\/wp-json\/wp\/v2\/tags?post=208782"}],"curies":[{"name":"wp","href":"https:\/\/api.w.org\/{rel}","templated":true}]}}