{"id":208696,"date":"2025-11-20T11:14:00","date_gmt":"2025-11-20T17:14:00","guid":{"rendered":"https:\/\/visionpeninsular.com\/mid\/?p=208696"},"modified":"2025-11-20T11:14:07","modified_gmt":"2025-11-20T17:14:07","slug":"encabeza-cecilia-la-jornada-para-prevenir-y-tratar-la-diabetes-en-merida","status":"publish","type":"post","link":"https:\/\/visionpeninsular.com\/mid\/encabeza-cecilia-la-jornada-para-prevenir-y-tratar-la-diabetes-en-merida\/","title":{"rendered":"Encabeza Cecilia la Jornada para prevenir y tratar la diabetes en M\u00e9rida"},"content":{"rendered":"\n<p>M\u00e9rida, 20 de noviembre de 2025.- La presidenta municipal Cecilia Patr\u00f3n Laviada encabez\u00f3 una mega campa\u00f1a de pruebas gratuitas durante la Feria de la Salud de esta semana, que se realiz\u00f3 en el marco del Mi\u00e9rcoles Ciudadano.<\/p>\n\n\n\n<p>\u201cLa diabetes implica una disminuci\u00f3n en la calidad de vida y hasta una discapacidad si no se detecta y atiende con oportunidad, por ello desde el Ayuntamiento implementamos este tipo de programas que nos permiten hacer una primera medici\u00f3n y canalizar a una siguiente instancia para seguimiento y atenci\u00f3n oportunos\u201d, extern\u00f3 la alcaldesa.<\/p>\n\n\n\n<p>Esta campa\u00f1a consisti\u00f3 en pruebas r\u00e1pidas de glucosa, valoraci\u00f3n inmediata y, si el resultado detectado fue alto, referencia a estudio de hemoglobina A1C para la medici\u00f3n del nivel promedio de glucosa en sangre y tener un diagn\u00f3stico de diabetes o prediabetes.<\/p>\n\n\n\n<p>Seguimiento a pacientes de diabetes<\/p>\n\n\n\n<p>Posteriormente, se dar\u00e1 seguimiento al padecimiento mediante el Centro Municipal de Atenci\u00f3n Nutricional y Diabetes.<\/p>\n\n\n\n<figure class=\"wp-block-image size-full\"><img loading=\"lazy\" width=\"600\" height=\"400\" src=\"https:\/\/visionpeninsular.com\/mid\/wp-content\/uploads\/2025\/11\/ceci-diabetes.jpg\" alt=\"\" class=\"wp-image-208699\" srcset=\"https:\/\/visionpeninsular.com\/mid\/wp-content\/uploads\/2025\/11\/ceci-diabetes.jpg 600w, https:\/\/visionpeninsular.com\/mid\/wp-content\/uploads\/2025\/11\/ceci-diabetes-300x200.jpg 300w\" sizes=\"(max-width: 600px) 100vw, 600px\" \/><\/figure>\n\n\n\n<p>Este jueves 20 de noviembre habr\u00e1 una segunda mega jornada, a partir de las 8 a.m., en los Portales, a un lado del Museo de la Ciudad.<\/p>\n\n\n\n<p>Adem\u00e1s, el director de Bienestar Humano, Jes\u00fas P\u00e9rez Ballote, inform\u00f3 que durante lo que resta de noviembre las y los ciudadanos podr\u00e1n realizarse la prueba gratuita en alguno de los 17 m\u00f3dulos de salud del Ayuntamiento.<\/p>\n\n\n\n<p>En la zona sur, en San Antonio Xluch, Salvador Alvarado Sur, el Centro de Atenci\u00f3n M\u00e9dica de la Mujer, Renacimiento y Santa Rosa; en zona poniente, en Porvenir, Xocl\u00e1n, Nora Quintana y El Papa; en el oriente, en Azcorra, Vergel I y Emiliano Zapata Oriente; y en las comisar\u00edas de Chablekal, Cholul, Chich\u00ed Su\u00e1rez, Molas y Sitpach.<\/p>\n\n\n\n<p>Para hacerte la prueba es necesario llegar con ayuno de ocho horas (de preferencia), no haber consumido bebidas alcoh\u00f3licas o tabaco y no haber realizado ejercicio de alta intensidad horas previas a la prueba.<\/p>\n\n\n\n<p>M\u00e1s detalles de las sedes pueden ingresar a la p\u00e1gina <a href=\"http:\/\/www.merida.gob.mx\/bienestar\">www.merida.gob.mx\/bienestar<\/a><\/p>\n<div class='share-to-whatsapp-wrapper'><div class='share-on-whsp'>Share on: <\/div><a data-text='Encabeza Cecilia la Jornada para prevenir y tratar la diabetes en M\u00e9rida' data-link='https:\/\/visionpeninsular.com\/mid\/encabeza-cecilia-la-jornada-para-prevenir-y-tratar-la-diabetes-en-merida\/' class='whatsapp-button whatsapp-share'>WhatsApp<\/a><div class='clear '><\/div><\/div>","protected":false},"excerpt":{"rendered":"<p>M\u00e9rida, 20 de noviembre de 2025.- La presidenta municipal Cecilia Patr\u00f3n Laviada encabez\u00f3 una mega campa\u00f1a de pruebas gratuitas durante la Feria de la Salud de esta semana, que se realiz\u00f3 en el marco del Mi\u00e9rcoles Ciudadano. \u201cLa diabetes implica una disminuci\u00f3n en la calidad de vida y hasta una discapacidad si no se detecta &hellip;<\/p>\n","protected":false},"author":5,"featured_media":208698,"comment_status":"open","ping_status":"open","sticky":false,"template":"","format":"standard","meta":{"_mi_skip_tracking":false},"categories":[49,37],"tags":[41,5668,51269,51270],"_links":{"self":[{"href":"https:\/\/visionpeninsular.com\/mid\/wp-json\/wp\/v2\/posts\/208696"}],"collection":[{"href":"https:\/\/visionpeninsular.com\/mid\/wp-json\/wp\/v2\/posts"}],"about":[{"href":"https:\/\/visionpeninsular.com\/mid\/wp-json\/wp\/v2\/types\/post"}],"author":[{"embeddable":true,"href":"https:\/\/visionpeninsular.com\/mid\/wp-json\/wp\/v2\/users\/5"}],"replies":[{"embeddable":true,"href":"https:\/\/visionpeninsular.com\/mid\/wp-json\/wp\/v2\/comments?post=208696"}],"version-history":[{"count":1,"href":"https:\/\/visionpeninsular.com\/mid\/wp-json\/wp\/v2\/posts\/208696\/revisions"}],"predecessor-version":[{"id":208700,"href":"https:\/\/visionpeninsular.com\/mid\/wp-json\/wp\/v2\/posts\/208696\/revisions\/208700"}],"wp:featuredmedia":[{"embeddable":true,"href":"https:\/\/visionpeninsular.com\/mid\/wp-json\/wp\/v2\/media\/208698"}],"wp:attachment":[{"href":"https:\/\/visionpeninsular.com\/mid\/wp-json\/wp\/v2\/media?parent=208696"}],"wp:term":[{"taxonomy":"category","embeddable":true,"href":"https:\/\/visionpeninsular.com\/mid\/wp-json\/wp\/v2\/categories?post=208696"},{"taxonomy":"post_tag","embeddable":true,"href":"https:\/\/visionpeninsular.com\/mid\/wp-json\/wp\/v2\/tags?post=208696"}],"curies":[{"name":"wp","href":"https:\/\/api.w.org\/{rel}","templated":true}]}}