{"id":208681,"date":"2025-11-19T17:48:06","date_gmt":"2025-11-19T23:48:06","guid":{"rendered":"https:\/\/visionpeninsular.com\/mid\/?p=208681"},"modified":"2025-11-19T17:48:09","modified_gmt":"2025-11-19T23:48:09","slug":"nuevo-diagnostico-de-la-movilidad-publica-en-yucatan","status":"publish","type":"post","link":"https:\/\/visionpeninsular.com\/mid\/nuevo-diagnostico-de-la-movilidad-publica-en-yucatan\/","title":{"rendered":"Nuevo diagn\u00f3stico de la movilidad p\u00fablica en Yucat\u00e1n"},"content":{"rendered":"\n<p>M\u00e9rida, 19 de noviembre de 2025.- La Agencia de Transporte de Yucat\u00e1n (ATY) y el Gobierno del Estado presentaron el Estudio de Movilidad y Diagn\u00f3stico del Servicio de Transporte P\u00fablico de M\u00e9rida y su Zona Metropolitana 2025, el an\u00e1lisis t\u00e9cnico m\u00e1s completo realizado en diez a\u00f1os, que marca un cambio profundo en la forma de planear la movilidad en Yucat\u00e1n. A partir de ahora, las decisiones se tomar\u00e1n con base en evidencia s\u00f3lida y no en percepciones o intereses particulares.<\/p>\n\n\n\n<p>El evento fue encabezado por el Secretario General de Gobierno, Omar P\u00e9rez Avil\u00e9s; el titular de la ATY, Jacinto Sosa Novelo; y el consultor responsable del estudio, Dr. \u00d3scar S\u00e1nchez Flores, ante autoridades estatales y municipales, c\u00e1maras empresariales, concesionarios, academia, colectivos de movilidad y organizaciones civiles reunidas en el Auditorio Zamn\u00e1.<\/p>\n\n\n\n<p>Durante su mensaje, P\u00e9rez Avil\u00e9s destac\u00f3 que el gobernador Joaqu\u00edn D\u00edaz Mena mantiene una pol\u00edtica de puertas abiertas con todos los sectores, incluido el transporte, con plena disposici\u00f3n para dialogar y construir soluciones de manera conjunta. Subray\u00f3 que este diagn\u00f3stico permitir\u00e1 atender con seriedad t\u00e9cnica el sistema de transporte heredado, que durante a\u00f1os acumul\u00f3 rezagos en planeaci\u00f3n, cobertura y operaci\u00f3n. \u201cEl gobernador est\u00e1 decidido a mejorar el servicio para las y los usuarios, escuchando a quienes diariamente viven la realidad del transporte\u201d, afirm\u00f3.<\/p>\n\n\n\n<p><strong>Diagn\u00f3stico revela severas deficiencias<\/strong><\/p>\n\n\n\n<p>El estudio revela con claridad la situaci\u00f3n actual del sistema: cobertura insuficiente, rutas saturadas y tiempos de traslado cada vez m\u00e1s largos. Aunque existen 205 rutas en operaci\u00f3n, el 95% son radiales al centro, es decir, parten del Centro hacia otras zonas de la ciudad y la zona metropolitana, lo que provoca congesti\u00f3n y duplicidad de recorridos. Solo 10 avenidas dentro del perif\u00e9rico concentran m\u00e1s de la mitad del movimiento diario, generando embudos operativos.<\/p>\n\n\n\n<p>Hoy se registran alrededor de 354 mil viajes al d\u00eda, muy por debajo de los m\u00e1s de 600 mil viajes de hace 10 a\u00f1os.<\/p>\n\n\n\n<p>Adem\u00e1s, el tiempo promedio de traslado de un punto a otro aument\u00f3 a 34\u201337 minutos, frente a los 27 minutos hist\u00f3ricos.<\/p>\n\n\n\n<p><strong>Diagn\u00f3stico impulsa transformaci\u00f3n movilidad<\/strong><\/p>\n\n\n\n<p>El Dr. S\u00e1nchez Flores destac\u00f3 que, por primera vez, se cuenta con evidencia s\u00f3lida sobre c\u00f3mo y por qu\u00e9 se mueve la poblaci\u00f3n. \u201cEste diagn\u00f3stico es el punto de partida para reorganizar rutas, mejorar frecuencias, integrar servicios y dise\u00f1ar un transporte digno y seguro\u201d, se\u00f1al\u00f3.<\/p>\n\n\n\n<p>Por su parte, Jacinto Sosa Novelo afirm\u00f3 que Yucat\u00e1n est\u00e1 haciendo las cosas de manera distinta. \u201cEste estudio es el primer paso de un proceso de transformaci\u00f3n. Hoy la movilidad se planea con evidencia, para garantizar ese derecho\u201d.<\/p>\n\n\n\n<p>Con estos resultados, la ATY instalar\u00e1 mesas de trabajo con concesionarios y actores clave para construir de forma corresponsable el sistema moderno y eficiente que la ciudadan\u00eda merece.<\/p>\n\n\n\n<p>\u00d3scar S\u00e1nchez Flores es profesor de la Facultad de Ingenier\u00eda de la Benem\u00e9rita Universidad Aut\u00f3noma de Puebla. Es ingeniero civil (BUAP, 1994) y doctor en ciencias econ\u00f3micas por la Universidad de Cergy-Pontoise (Francia, 2000). Ha dirigido m\u00e1s de 150 proyectos relacionados con movilidad, tr\u00e1nsito y transporte para diversas ciudades de M\u00e9xico y Am\u00e9rica Latina, lo que lo convierte en una de las voces m\u00e1s reconocidas del pa\u00eds en la materia.<\/p>\n<div class='share-to-whatsapp-wrapper'><div class='share-on-whsp'>Share on: <\/div><a data-text='Nuevo diagn\u00f3stico de la movilidad p\u00fablica en Yucat\u00e1n' data-link='https:\/\/visionpeninsular.com\/mid\/nuevo-diagnostico-de-la-movilidad-publica-en-yucatan\/' class='whatsapp-button whatsapp-share'>WhatsApp<\/a><div class='clear '><\/div><\/div>","protected":false},"excerpt":{"rendered":"<p>M\u00e9rida, 19 de noviembre de 2025.- La Agencia de Transporte de Yucat\u00e1n (ATY) y el Gobierno del Estado presentaron el Estudio de Movilidad y Diagn\u00f3stico del Servicio de Transporte P\u00fablico de M\u00e9rida y su Zona Metropolitana 2025, el an\u00e1lisis t\u00e9cnico m\u00e1s completo realizado en diez a\u00f1os, que marca un cambio profundo en la forma de &hellip;<\/p>\n","protected":false},"author":5,"featured_media":208683,"comment_status":"open","ping_status":"open","sticky":false,"template":"","format":"standard","meta":{"_mi_skip_tracking":false},"categories":[49,37],"tags":[39343,185,51253],"_links":{"self":[{"href":"https:\/\/visionpeninsular.com\/mid\/wp-json\/wp\/v2\/posts\/208681"}],"collection":[{"href":"https:\/\/visionpeninsular.com\/mid\/wp-json\/wp\/v2\/posts"}],"about":[{"href":"https:\/\/visionpeninsular.com\/mid\/wp-json\/wp\/v2\/types\/post"}],"author":[{"embeddable":true,"href":"https:\/\/visionpeninsular.com\/mid\/wp-json\/wp\/v2\/users\/5"}],"replies":[{"embeddable":true,"href":"https:\/\/visionpeninsular.com\/mid\/wp-json\/wp\/v2\/comments?post=208681"}],"version-history":[{"count":1,"href":"https:\/\/visionpeninsular.com\/mid\/wp-json\/wp\/v2\/posts\/208681\/revisions"}],"predecessor-version":[{"id":208684,"href":"https:\/\/visionpeninsular.com\/mid\/wp-json\/wp\/v2\/posts\/208681\/revisions\/208684"}],"wp:featuredmedia":[{"embeddable":true,"href":"https:\/\/visionpeninsular.com\/mid\/wp-json\/wp\/v2\/media\/208683"}],"wp:attachment":[{"href":"https:\/\/visionpeninsular.com\/mid\/wp-json\/wp\/v2\/media?parent=208681"}],"wp:term":[{"taxonomy":"category","embeddable":true,"href":"https:\/\/visionpeninsular.com\/mid\/wp-json\/wp\/v2\/categories?post=208681"},{"taxonomy":"post_tag","embeddable":true,"href":"https:\/\/visionpeninsular.com\/mid\/wp-json\/wp\/v2\/tags?post=208681"}],"curies":[{"name":"wp","href":"https:\/\/api.w.org\/{rel}","templated":true}]}}