{"id":20854,"date":"2017-02-02T10:50:49","date_gmt":"2017-02-02T16:50:49","guid":{"rendered":"http:\/\/visionpeninsular.com\/mid\/?p=20854"},"modified":"2017-02-02T10:50:49","modified_gmt":"2017-02-02T16:50:49","slug":"escudo-escolar-programa-estatal-prevenir-la-violencia","status":"publish","type":"post","link":"https:\/\/visionpeninsular.com\/mid\/escudo-escolar-programa-estatal-prevenir-la-violencia\/","title":{"rendered":"Escudo Escolar, programa estatal para prevenir la violencia"},"content":{"rendered":"<p>El secretario de Educaci\u00f3n, V\u00edctor Caballero Dur\u00e1n, anunci\u00f3 ayer el arranque de la iniciativa Escudo Escolar, que busca fortalecer el tejido social, a trav\u00e9s de la participaci\u00f3n en la educaci\u00f3n involucrando a maestros, directores, estudiantes y padres de familia.<\/p>\n<p>\u201cLa familia es nuestro mejor escudo y si trabajamos para fortalecerlo, entonces seguiremos teniendo el Yucat\u00e1n que hoy tenemos. La red social m\u00e1s fuerte, es la familia\u201d, asegur\u00f3.<\/p>\n<p>Dicho esquema se pondr\u00e1 en marcha, en una primera etapa, en planteles de preescolar, primaria y secundaria, y ser\u00e1 en una segunda fase cuando se agreguen los del nivel medio superior. La idea es tener cobertura en las tres mil 708 escuelas del estado.<\/p>\n<p>La iniciativa se desarrollar\u00e1 mediante la creaci\u00f3n de espacios de reflexi\u00f3n en los centros escolares, donde se llevar\u00e1n a cabo talleres, conferencias y cursos dirigidos a padres de familia, con tem\u00e1ticas sobre valores personales, familiares y sociales.<\/p>\n<p>Caballero Dur\u00e1n expuso que es preciso contar con una convivencia sana para sentar las bases de la armon\u00eda y la paz social, por lo que se toman en cuenta a los actores involucrados directamente en la educaci\u00f3n.<\/p>\n<p>A\u00f1adi\u00f3 que dentro del proyecto se est\u00e1n desarrollando estrategias de prevenci\u00f3n que van dirigidas a la sensibilizaci\u00f3n de los maestros y los padres, porque para hacer las cosas distintas hay que empezar en lo individual.<\/p>\n<p>Para Daniel L\u00f3pez Torres, padre de familia, lo m\u00e1s importante empieza desde la comunicaci\u00f3n con los hijos, por eso \u201chay que conocer el entorno en el cual se desarrollan d\u00eda a d\u00eda y hay que saber sobre sus actividades, lo que consiste en detectar cuando algo positivo o negativo les est\u00e1 ocurriendo\u201d.<\/p>\n<p>Durante su intervenci\u00f3n, la maestra Mar\u00eda Luisa Franco Burgos, de la Primaria \u201cLibertad Men\u00e9ndez\u201d indic\u00f3 que es importante retomar la educaci\u00f3n con valores, la cual implica un gran esfuerzo por parte de todos los miembros de la sociedad y para ello hay que comenzar con la transformaci\u00f3n de la vida de los alumnos.<\/p>\n<p>As\u00ed, Escudo Escolar conjunta las diversas acciones y esquemas que se vienen desarrollando con anterioridad en los planteles de distintos niveles, como son las Unidades de Servicio de Apoyo a la Educaci\u00f3n Preescolar y el Centro de Atenci\u00f3n Psicopedag\u00f3gico de Educaci\u00f3n Preescolar. Mientras para primaria est\u00e1 el Programa Nacional de Convivencia, las Unidades de Servicios de Apoyo a la Educaci\u00f3n Regular y \u201cUn bal\u00f3n para ti\u201d.<\/p>\n<p>De igual forma est\u00e1 el servicio que se brinda en los Centros de Atenci\u00f3n M\u00faltiple para educaci\u00f3n especial y Cuenta Conmigo en secundarias.<\/p>\n<p>En media superior se han implementado los planes \u201cYo no abandono\u201d, Construye T y los Programas Integrales de Escuela para Padres y Madres de Familia; y de Orientaci\u00f3n Educativa y Tutor\u00edas con un Enfoque Socio formativo.<\/p>\n<p>De ahora en adelante, todos estos esquemas ser\u00e1n trabajados en conjunto para hacer de cada familia y escuela, un escudo de Yucat\u00e1n.<\/p>\n<p>En la presentaci\u00f3n de esta iniciativa estuvieron presentes la Presidenta del DIF Estatal, Sarita Blancarte de Zapata; el Secretario General de Gobierno, Roberto Rodr\u00edguez Asaf y el Diputado Federal, Jorge Carlos Ram\u00edrez Mar\u00edn, as\u00ed como representantes de c\u00e1maras empresariales, asociaciones civiles y de los tres poderes del gobierno.<\/p>\n<p>As\u00ed como los maestros distinguidos: 2003, Effy Luz V\u00e1zquez L\u00f3pez y 2016, Azurena Molina Molas; y la ganadora del Premio ABC 2016 de Mexicanos Primero, mentora de la primaria \u201cNachi Cocom\u201d de Akil, Guadalupe Xicum Castro. <\/p>\n<p>La profesora de danza cl\u00e1sica, Socorrito Cer\u00f3n Herrera; los recipiendarios de las Medallas \u201cEligio Ancona 2011\u201d, Manuel Lizama Salazar y \u201cP\u00e1nfilo Novelo Mart\u00edn 2017\u201d, Elly Marby Yerves Ceballos; el mentor de educaci\u00f3n ind\u00edgena y fundador del programa \u201cKo\u2019one\u2019ex kanik maaya\u201d, Jos\u00e9 Manuel Tec Tun y la profesora Ofelia Bello Paredes.<\/p>\n<p>De igual manera, la estudiante de la Secundaria Federal n\u00famero 5 \u201cAlfredo Barrera V\u00e1zquez\u201d e integrante del Proyecto Alfa, Enys Ordaz Narv\u00e1ez; el ganador de la Olimpiada del Conocimiento Infantil 2016, por la primaria \u201cRemigio Aguilar Sosa\u201d, Pablo Santini Buenfil y la alumna de la Secundaria \u201cAgust\u00edn Vadillo Cicero\u201d, medalla de oro en atletismo en los Juegos Deportivos Nacionales Escolares de Educaci\u00f3n B\u00e1sica 2016, Danna Mu\u00f1oz Hern\u00e1ndez. <\/p>\n<p>Tambi\u00e9n, la representante de los padres de familia de Yucat\u00e1n ante el Consejo Nacional de Participaci\u00f3n Social en la Educaci\u00f3n, Silvia Comas Carrillo y la presidenta de dicho Consejo, Geny Mar\u00eda de Guadalupe Cetz Poot.<br \/>\nAsimismo, los presidentes de la Asociaci\u00f3n Mexicana de Escuelas Particulares en Yucat\u00e1n, El\u00edas Leonardo D\u00e1jer Fadel y de la Federaci\u00f3n de Escuelas Particulares de Yucat\u00e1n, Hilda Mar\u00eda S\u00e1nchez Castellanos.<\/p>\n<p>De igual manera, la maestra de preescolar, de reciente ingreso al servicio docente, F\u00e1tima Cervera Escalante y los personales de Apoyo ADG, Jos\u00e9 David Villegas Arce y Bellanira L\u00f3pez Naal, acreedores de plazas docente y administrativa, respectivamente.<\/p>\n<p>Bolet\u00edn de prensa.<\/p>\n<div class='share-to-whatsapp-wrapper'><div class='share-on-whsp'>Share on: <\/div><a data-text='Escudo Escolar, programa estatal para prevenir la violencia' data-link='https:\/\/visionpeninsular.com\/mid\/escudo-escolar-programa-estatal-prevenir-la-violencia\/' class='whatsapp-button whatsapp-share'>WhatsApp<\/a><div class='clear '><\/div><\/div>","protected":false},"excerpt":{"rendered":"<p>El secretario de Educaci\u00f3n, V\u00edctor Caballero Dur\u00e1n, anunci\u00f3 ayer el arranque de la iniciativa Escudo Escolar, que busca fortalecer el tejido social, a trav\u00e9s de la participaci\u00f3n en la educaci\u00f3n involucrando a maestros, directores, estudiantes y padres de familia. \u201cLa familia es nuestro mejor escudo y si trabajamos para fortalecerlo, entonces seguiremos teniendo el Yucat\u00e1n &hellip;<\/p>\n","protected":false},"author":5,"featured_media":20855,"comment_status":"open","ping_status":"open","sticky":false,"template":"","format":"standard","meta":{"_mi_skip_tracking":false},"categories":[50],"tags":[5155,604],"_links":{"self":[{"href":"https:\/\/visionpeninsular.com\/mid\/wp-json\/wp\/v2\/posts\/20854"}],"collection":[{"href":"https:\/\/visionpeninsular.com\/mid\/wp-json\/wp\/v2\/posts"}],"about":[{"href":"https:\/\/visionpeninsular.com\/mid\/wp-json\/wp\/v2\/types\/post"}],"author":[{"embeddable":true,"href":"https:\/\/visionpeninsular.com\/mid\/wp-json\/wp\/v2\/users\/5"}],"replies":[{"embeddable":true,"href":"https:\/\/visionpeninsular.com\/mid\/wp-json\/wp\/v2\/comments?post=20854"}],"version-history":[{"count":1,"href":"https:\/\/visionpeninsular.com\/mid\/wp-json\/wp\/v2\/posts\/20854\/revisions"}],"predecessor-version":[{"id":20856,"href":"https:\/\/visionpeninsular.com\/mid\/wp-json\/wp\/v2\/posts\/20854\/revisions\/20856"}],"wp:featuredmedia":[{"embeddable":true,"href":"https:\/\/visionpeninsular.com\/mid\/wp-json\/wp\/v2\/media\/20855"}],"wp:attachment":[{"href":"https:\/\/visionpeninsular.com\/mid\/wp-json\/wp\/v2\/media?parent=20854"}],"wp:term":[{"taxonomy":"category","embeddable":true,"href":"https:\/\/visionpeninsular.com\/mid\/wp-json\/wp\/v2\/categories?post=20854"},{"taxonomy":"post_tag","embeddable":true,"href":"https:\/\/visionpeninsular.com\/mid\/wp-json\/wp\/v2\/tags?post=20854"}],"curies":[{"name":"wp","href":"https:\/\/api.w.org\/{rel}","templated":true}]}}