{"id":208524,"date":"2025-11-13T12:11:25","date_gmt":"2025-11-13T18:11:25","guid":{"rendered":"https:\/\/visionpeninsular.com\/mid\/?p=208524"},"modified":"2025-11-13T12:11:28","modified_gmt":"2025-11-13T18:11:28","slug":"cecilia-pone-en-marcha-el-coberton-2025-un-abrigo-una-sonrisa","status":"publish","type":"post","link":"https:\/\/visionpeninsular.com\/mid\/cecilia-pone-en-marcha-el-coberton-2025-un-abrigo-una-sonrisa\/","title":{"rendered":"Cecilia pone en  marcha el Cobert\u00f3n 2025 \u00a1Un abrigo, una sonrisa!"},"content":{"rendered":"\n<p>M\u00e9rida, 13 de noviembre de 2025.- El Ayuntamiento de M\u00e9rida puso en marcha el Cobert\u00f3n 2025 \u00a1Un abrigo, una sonrisa!, campa\u00f1a de solidaridad y servicio comunitario que tiene la meta de recolectar 1 mil 200 cobijas y contribuir a la protecci\u00f3n de las personas m\u00e1s vulnerables, inform\u00f3 la presidenta municipal Cecilia Patr\u00f3n Laviada.<\/p>\n\n\n\n<p>Hizo un llamado a las y los meridanos a unirse a esta noble causa que coordina el DIF Municipal, destacando la importancia de la solidaridad.<\/p>\n\n\n\n<p>La colecta de cobijas comenz\u00f3 el 10 de noviembre y concluir\u00e1 el 15 de diciembre, dirigida a empresas, asociaciones, escuelas, universidades y a la ciudadan\u00eda en general, quienes podr\u00e1n llevar sus donativos a centros de acopio en diversos puntos de la ciudad.<\/p>\n\n\n\n<p>Lo obtenido se destinar\u00e1 a personas en situaci\u00f3n de calle, quienes esperan fuera de los hospitales p\u00fablicos, y para personas en situaci\u00f3n de vulnerabilidad en albergues y colonias de la ciudad y sus comisar\u00edas.<\/p>\n\n\n\n<p><strong>\u00bfCu\u00e1les son los centros de acopio del Cobert\u00f3n?<\/strong><\/p>\n\n\n\n<p>Los centros de acopio son: las oficinas del DIF Municipal ubicadas en la calle 59 por 66 del Centro; oficinas de Atenci\u00f3n Ciudadana y la Coordinaci\u00f3n de Inclusi\u00f3n para Personas con Discapacidad, en los bajos de Palacio Municipal.<\/p>\n\n\n\n<p>Tambi\u00e9n en los Centros Integrales para la Plenitud de las Personas Mayores \u201cRenacer\u201d, en: calle 22 n\u00famero 275 entre 5D y 5F del fraccionamiento Juan Pablo II, y \u201cArmon\u00eda\u201d, en calle 55 n\u00famero 693 entre 10 y 16 del fraccionamiento del Parque.<\/p>\n\n\n\n<p>De igual forma, en los CENDIS \u201cIntegrador\u201d en el fraccionamiento Juan Pablo II calle 22 n\u00famero 783 entre 5 A y 5 B; \u201cAmapola\u201d, en calle 66 n\u00famero 737 entre 99 y 97 de la colonia Melit\u00f3n Salazar; \u201cSan Jos\u00e9 Tecoh\u201d, en la calle 70 n\u00famero 340 entre 149 y 151 de la misma colonia; \u201cSan Marcos Nocoh\u00bb, en calle 37 entre 16 y 18 de la colonia San Marcos Nocoh II, y el Centro Ocupacional y Recreativo \u00abLa Ceiba\u00bb, en la calle 105, entre 64 E 64 D en la colonia Delio Moreno Cant\u00f3n.<\/p>\n\n\n\n<p>Mayores informes sobre los apoyos y servicios en la calle 66 entre 57 y 59, Colonia Centro, al tel\u00e9fono (999) 928 04 56 o en la p\u00e1gina <a href=\"http:\/\/www.merida.gob.mx\/dif\">www.merida.gob.mx\/dif<\/a><\/p>\n<div class='share-to-whatsapp-wrapper'><div class='share-on-whsp'>Share on: <\/div><a data-text='Cecilia pone en  marcha el Cobert\u00f3n 2025 \u00a1Un abrigo, una sonrisa!' data-link='https:\/\/visionpeninsular.com\/mid\/cecilia-pone-en-marcha-el-coberton-2025-un-abrigo-una-sonrisa\/' class='whatsapp-button whatsapp-share'>WhatsApp<\/a><div class='clear '><\/div><\/div>","protected":false},"excerpt":{"rendered":"<p>M\u00e9rida, 13 de noviembre de 2025.- El Ayuntamiento de M\u00e9rida puso en marcha el Cobert\u00f3n 2025 \u00a1Un abrigo, una sonrisa!, campa\u00f1a de solidaridad y servicio comunitario que tiene la meta de recolectar 1 mil 200 cobijas y contribuir a la protecci\u00f3n de las personas m\u00e1s vulnerables, inform\u00f3 la presidenta municipal Cecilia Patr\u00f3n Laviada. Hizo un &hellip;<\/p>\n","protected":false},"author":5,"featured_media":208526,"comment_status":"open","ping_status":"open","sticky":false,"template":"","format":"standard","meta":{"_mi_skip_tracking":false},"categories":[49,37],"tags":[41,5668,51162,8129,51163],"_links":{"self":[{"href":"https:\/\/visionpeninsular.com\/mid\/wp-json\/wp\/v2\/posts\/208524"}],"collection":[{"href":"https:\/\/visionpeninsular.com\/mid\/wp-json\/wp\/v2\/posts"}],"about":[{"href":"https:\/\/visionpeninsular.com\/mid\/wp-json\/wp\/v2\/types\/post"}],"author":[{"embeddable":true,"href":"https:\/\/visionpeninsular.com\/mid\/wp-json\/wp\/v2\/users\/5"}],"replies":[{"embeddable":true,"href":"https:\/\/visionpeninsular.com\/mid\/wp-json\/wp\/v2\/comments?post=208524"}],"version-history":[{"count":1,"href":"https:\/\/visionpeninsular.com\/mid\/wp-json\/wp\/v2\/posts\/208524\/revisions"}],"predecessor-version":[{"id":208527,"href":"https:\/\/visionpeninsular.com\/mid\/wp-json\/wp\/v2\/posts\/208524\/revisions\/208527"}],"wp:featuredmedia":[{"embeddable":true,"href":"https:\/\/visionpeninsular.com\/mid\/wp-json\/wp\/v2\/media\/208526"}],"wp:attachment":[{"href":"https:\/\/visionpeninsular.com\/mid\/wp-json\/wp\/v2\/media?parent=208524"}],"wp:term":[{"taxonomy":"category","embeddable":true,"href":"https:\/\/visionpeninsular.com\/mid\/wp-json\/wp\/v2\/categories?post=208524"},{"taxonomy":"post_tag","embeddable":true,"href":"https:\/\/visionpeninsular.com\/mid\/wp-json\/wp\/v2\/tags?post=208524"}],"curies":[{"name":"wp","href":"https:\/\/api.w.org\/{rel}","templated":true}]}}