{"id":208368,"date":"2025-11-07T18:22:03","date_gmt":"2025-11-08T00:22:03","guid":{"rendered":"https:\/\/visionpeninsular.com\/mid\/?p=208368"},"modified":"2025-11-07T18:22:05","modified_gmt":"2025-11-08T00:22:05","slug":"ssy-refuerza-vacunacion-para-prevenir-enfermedades-respiratorias","status":"publish","type":"post","link":"https:\/\/visionpeninsular.com\/mid\/ssy-refuerza-vacunacion-para-prevenir-enfermedades-respiratorias\/","title":{"rendered":"SSY  refuerza vacunaci\u00f3n para prevenir enfermedades respiratorias"},"content":{"rendered":"\n<p>M\u00e9rida, 7 de noviembre, 2025.- Con la llegada de la temporada invernal, y a fin de proteger la salud de la poblaci\u00f3n, la Secretar\u00eda de Salud de Yucat\u00e1n (SSY) refuerza la campa\u00f1a estatal de vacunaci\u00f3n, con el prop\u00f3sito de prevenir enfermedades respiratorias como la influenza, el Covid-19 y el neumococo.<\/p>\n\n\n\n<p><strong>Atenci\u00f3n a grupos vulnerables<\/strong><\/p>\n\n\n\n<p>El director de Prevenci\u00f3n y Protecci\u00f3n de la Salud, Javier Ignacio Balam L\u00f3pez, destac\u00f3 que, se intensifican las jornadas de vacunaci\u00f3n en todo el territorio estatal para salvaguardar el bienestar de los grupos m\u00e1s vulnerables ante las enfermedades respiratorias.<\/p>\n\n\n\n<p>\u201cEstas acciones forman parte del compromiso de la administraci\u00f3n estatal con la salud p\u00fablica. Buscamos garantizar que toda persona que pertenezca a los grupos de riesgo reciba su vacuna de forma gratuita, segura y oportuna\u201d, expres\u00f3 Balam L\u00f3pez.<\/p>\n\n\n\n<p><strong>Temporada invernal<\/strong><\/p>\n\n\n\n<p>La temporada invernal 2025\u20132026 inici\u00f3 el 13 de octubre pasado y concluir\u00e1 el 3 de abril de 2026, per\u00edodo durante el cual se desplegar\u00e1 una amplia estrategia de vacunaci\u00f3n en coordinaci\u00f3n con instituciones del IMSS, Issste, Secretar\u00eda de la Defensa Nacional, Secretar\u00eda de Marina y la propia SSY, con una meta total de 676,401 dosis aplicadas en todo el estado.<\/p>\n\n\n\n<p>El funcionario detall\u00f3 que la importancia de reforzar estas acciones durante la temporada invernal radica&nbsp;&nbsp; en que la presencia de frentes fr\u00edos provoca descensos de temperatura, lo que incrementa el riesgo de enfermedades respiratorias, especialmente en ni\u00f1as, ni\u00f1os, personas mayores y quienes padecen alguna condici\u00f3n cr\u00f3nica.<\/p>\n\n\n\n<p><strong>Influenza<\/strong><\/p>\n\n\n\n<p>Por su parte, el responsable estatal del Programa de Vacunaci\u00f3n Universal de la SSY, Alejandro D\u00edaz S\u00e1nchez, precis\u00f3 que la vacuna contra la influenza est\u00e1 dirigida principalmente a ni\u00f1as y ni\u00f1os de 6 meses a 59 meses de edad; adem\u00e1s, a personas de 5 a 59 a\u00f1os con comorbilidades como diabetes, obesidad, enfermedades cardiacas, respiratorias o inmunosupresoras, as\u00ed como tambi\u00e9n a mujeres embarazadas, personal de salud y adultos mayores de 60 a\u00f1os y m\u00e1s.<\/p>\n\n\n\n<p>De igual manera, indic\u00f3 que la vacuna contra el neumococo est\u00e1 destinada principalmente a las personas mayores de 60 a\u00f1os, con el prop\u00f3sito de prevenir enfermedades respiratorias graves y reducir las complicaciones asociadas durante la temporada invernal.<\/p>\n\n\n\n<p>Ambas vacunas se aplican de manera gratuita y segura en todas las unidades m\u00e9dicas, hospitales y m\u00f3dulos m\u00f3viles del sector salud.<\/p>\n\n\n\n<p>\u201cLa meta es reducir la incidencia de infecciones respiratorias graves y evitar complicaciones que puedan afectar a la poblaci\u00f3n m\u00e1s sensible ante las bajas temperaturas\u201d, precis\u00f3 el funcionario.<\/p>\n\n\n\n<p>D\u00edaz Rodr\u00edguez invita a la poblaci\u00f3n a acudir al centro de salud m\u00e1s cercano para recibir las vacunas correspondientes y protegerse durante esta temporada invernal.<\/p>\n<div class='share-to-whatsapp-wrapper'><div class='share-on-whsp'>Share on: <\/div><a data-text='SSY  refuerza vacunaci\u00f3n para prevenir enfermedades respiratorias' data-link='https:\/\/visionpeninsular.com\/mid\/ssy-refuerza-vacunacion-para-prevenir-enfermedades-respiratorias\/' class='whatsapp-button whatsapp-share'>WhatsApp<\/a><div class='clear '><\/div><\/div>","protected":false},"excerpt":{"rendered":"<p>M\u00e9rida, 7 de noviembre, 2025.- Con la llegada de la temporada invernal, y a fin de proteger la salud de la poblaci\u00f3n, la Secretar\u00eda de Salud de Yucat\u00e1n (SSY) refuerza la campa\u00f1a estatal de vacunaci\u00f3n, con el prop\u00f3sito de prevenir enfermedades respiratorias como la influenza, el Covid-19 y el neumococo. Atenci\u00f3n a grupos vulnerables El &hellip;<\/p>\n","protected":false},"author":5,"featured_media":208370,"comment_status":"open","ping_status":"open","sticky":false,"template":"","format":"standard","meta":{"_mi_skip_tracking":false},"categories":[50,37],"tags":[185,51075,1950,4302],"_links":{"self":[{"href":"https:\/\/visionpeninsular.com\/mid\/wp-json\/wp\/v2\/posts\/208368"}],"collection":[{"href":"https:\/\/visionpeninsular.com\/mid\/wp-json\/wp\/v2\/posts"}],"about":[{"href":"https:\/\/visionpeninsular.com\/mid\/wp-json\/wp\/v2\/types\/post"}],"author":[{"embeddable":true,"href":"https:\/\/visionpeninsular.com\/mid\/wp-json\/wp\/v2\/users\/5"}],"replies":[{"embeddable":true,"href":"https:\/\/visionpeninsular.com\/mid\/wp-json\/wp\/v2\/comments?post=208368"}],"version-history":[{"count":1,"href":"https:\/\/visionpeninsular.com\/mid\/wp-json\/wp\/v2\/posts\/208368\/revisions"}],"predecessor-version":[{"id":208371,"href":"https:\/\/visionpeninsular.com\/mid\/wp-json\/wp\/v2\/posts\/208368\/revisions\/208371"}],"wp:featuredmedia":[{"embeddable":true,"href":"https:\/\/visionpeninsular.com\/mid\/wp-json\/wp\/v2\/media\/208370"}],"wp:attachment":[{"href":"https:\/\/visionpeninsular.com\/mid\/wp-json\/wp\/v2\/media?parent=208368"}],"wp:term":[{"taxonomy":"category","embeddable":true,"href":"https:\/\/visionpeninsular.com\/mid\/wp-json\/wp\/v2\/categories?post=208368"},{"taxonomy":"post_tag","embeddable":true,"href":"https:\/\/visionpeninsular.com\/mid\/wp-json\/wp\/v2\/tags?post=208368"}],"curies":[{"name":"wp","href":"https:\/\/api.w.org\/{rel}","templated":true}]}}