{"id":208233,"date":"2025-11-04T15:01:07","date_gmt":"2025-11-04T21:01:07","guid":{"rendered":"https:\/\/visionpeninsular.com\/mid\/?p=208233"},"modified":"2025-11-04T15:01:11","modified_gmt":"2025-11-04T21:01:11","slug":"emjay-presente-en-el-otono-cultural-2025","status":"publish","type":"post","link":"https:\/\/visionpeninsular.com\/mid\/emjay-presente-en-el-otono-cultural-2025\/","title":{"rendered":"Emjay, presente en el Oto\u00f1o Cultural 2025"},"content":{"rendered":"\n<p>M\u00e9rida, 4 de noviembre de 2025.- El Teatro Armando Manzanero, complaci\u00f3 a seguidores y entusiastas de las nuevas corrientes musicales con la presentaci\u00f3n de Emjay, una de las artistas emergentes m\u00e1s destacadas del g\u00e9nero, quien ofreci\u00f3 un concierto vibrante como parte del Oto\u00f1o Cultural 2025 con su gira <strong>Me estoy volviendo loca.<\/strong><\/p>\n\n\n\n<p>El espect\u00e1culo, organizado por la Secretar\u00eda de la Cultura y las Artes (Sedeculta) con entrada libre, reuni\u00f3 a cientos de j\u00f3venes que corearon y bailaron los temas de la cantante, en una noche dedicada a la diversidad, la autenticidad y el empoderamiento femenino.<\/p>\n\n\n\n<p>Desde el momento en que Emjay salud\u00f3 al p\u00fablico, la energ\u00eda en el recinto cambi\u00f3. El p\u00fablico asistente, se dej\u00f3 sus asientos para acompa\u00f1arla en un repertorio que incluy\u00f3 sus \u00e9xitos \u201cLa jefa del triple 4\u201d, \u201cToxic\u201d, \u201cCachos de m\u00ed\u201d, \u201cComo antes\u201d, \u201cDrama doll\u201d y \u201cDime qu\u00e9 hago\u201d, entre otros.<\/p>\n\n\n\n<p>Durante su presentaci\u00f3n, la artista comparti\u00f3 mensajes de fuerza y autoconfianza, destacando el papel de las mujeres dentro del movimiento del trap y la m\u00fasica urbana, al tiempo que fusion\u00f3 ritmos como el electropop, hyperpop y techno, dando muestra de su estilo innovador y su presencia esc\u00e9nica.<\/p>\n\n\n\n<p>El yucateco Flxbabu fue el encargado de abrir la noche con una actuaci\u00f3n que encendi\u00f3 al p\u00fablico, demostrando el talento emergente que florece en el sureste mexicano.<\/p>\n\n\n\n<p>El ambiente del Teatro Armando Manzanero reflej\u00f3 una est\u00e9tica urbana, con tonos met\u00e1licos, luces intensas y atuendos inspirados en la cultura pop contempor\u00e1nea. El p\u00fablico, mayoritariamente joven, se mantuvo de pie durante todo el concierto, bailando incluso en los pasillos y celebrando cada interpretaci\u00f3n de la cantante.<\/p>\n<div class='share-to-whatsapp-wrapper'><div class='share-on-whsp'>Share on: <\/div><a data-text='Emjay, presente en el Oto\u00f1o Cultural 2025' data-link='https:\/\/visionpeninsular.com\/mid\/emjay-presente-en-el-otono-cultural-2025\/' class='whatsapp-button whatsapp-share'>WhatsApp<\/a><div class='clear '><\/div><\/div>","protected":false},"excerpt":{"rendered":"<p>M\u00e9rida, 4 de noviembre de 2025.- El Teatro Armando Manzanero, complaci\u00f3 a seguidores y entusiastas de las nuevas corrientes musicales con la presentaci\u00f3n de Emjay, una de las artistas emergentes m\u00e1s destacadas del g\u00e9nero, quien ofreci\u00f3 un concierto vibrante como parte del Oto\u00f1o Cultural 2025 con su gira Me estoy volviendo loca. El espect\u00e1culo, organizado &hellip;<\/p>\n","protected":false},"author":5,"featured_media":208235,"comment_status":"open","ping_status":"open","sticky":false,"template":"","format":"standard","meta":{"_mi_skip_tracking":false},"categories":[49,37],"tags":[51011,185,50991,1557],"_links":{"self":[{"href":"https:\/\/visionpeninsular.com\/mid\/wp-json\/wp\/v2\/posts\/208233"}],"collection":[{"href":"https:\/\/visionpeninsular.com\/mid\/wp-json\/wp\/v2\/posts"}],"about":[{"href":"https:\/\/visionpeninsular.com\/mid\/wp-json\/wp\/v2\/types\/post"}],"author":[{"embeddable":true,"href":"https:\/\/visionpeninsular.com\/mid\/wp-json\/wp\/v2\/users\/5"}],"replies":[{"embeddable":true,"href":"https:\/\/visionpeninsular.com\/mid\/wp-json\/wp\/v2\/comments?post=208233"}],"version-history":[{"count":1,"href":"https:\/\/visionpeninsular.com\/mid\/wp-json\/wp\/v2\/posts\/208233\/revisions"}],"predecessor-version":[{"id":208236,"href":"https:\/\/visionpeninsular.com\/mid\/wp-json\/wp\/v2\/posts\/208233\/revisions\/208236"}],"wp:featuredmedia":[{"embeddable":true,"href":"https:\/\/visionpeninsular.com\/mid\/wp-json\/wp\/v2\/media\/208235"}],"wp:attachment":[{"href":"https:\/\/visionpeninsular.com\/mid\/wp-json\/wp\/v2\/media?parent=208233"}],"wp:term":[{"taxonomy":"category","embeddable":true,"href":"https:\/\/visionpeninsular.com\/mid\/wp-json\/wp\/v2\/categories?post=208233"},{"taxonomy":"post_tag","embeddable":true,"href":"https:\/\/visionpeninsular.com\/mid\/wp-json\/wp\/v2\/tags?post=208233"}],"curies":[{"name":"wp","href":"https:\/\/api.w.org\/{rel}","templated":true}]}}