{"id":208181,"date":"2025-11-03T19:05:57","date_gmt":"2025-11-04T01:05:57","guid":{"rendered":"https:\/\/visionpeninsular.com\/mid\/?p=208181"},"modified":"2025-11-03T19:06:01","modified_gmt":"2025-11-04T01:06:01","slug":"la-segunda-semana-del-otono-cultural-2025-tiene-una-amplia-oferta-artistica","status":"publish","type":"post","link":"https:\/\/visionpeninsular.com\/mid\/la-segunda-semana-del-otono-cultural-2025-tiene-una-amplia-oferta-artistica\/","title":{"rendered":"La segunda semana del Oto\u00f1o Cultural 2025, tiene una amplia oferta art\u00edstica"},"content":{"rendered":"\n<p>M\u00e9rida, 3 de noviembre de 2025.- El Oto\u00f1o Cultural 2025, en su segunda semana, &nbsp;llega con una amplia y variada oferta art\u00edtica &nbsp;y tradiciones yucatecas, en una programaci\u00f3n gratuita organizada por la Secretar\u00eda de la Cultura y las Artes (Sedeculta) para disfrute de los y las habitantes del estado.<\/p>\n\n\n\n<p>Esta semana, la cartelera contempla propuestas para todos los gustos y edades, con el prop\u00f3sito de fortalecer la identidad cultural de Yucat\u00e1n y descentralizar el acceso al arte y la cultura.<\/p>\n\n\n\n<p>Entre las actividades destacan las funciones del 44 Foro Internacional de Cine, que contin\u00faan en la Cineteca del Teatro Armando Manzanero y la Sala Mayamax del Gran Museo del Mundo Maya, as\u00ed como presentaciones esc\u00e9nicas y musicales en diversos municipios.<\/p>\n\n\n\n<p>El lunes 3 de noviembre iniciar\u00e1 con el ensayo esc\u00e9nico \u201cNepantleras\u201d, dentro del ciclo Noches de Artes Vivas en el Centro Cultural La Ib\u00e9rica.<\/p>\n\n\n\n<p>El martes 4, el p\u00fablico podr\u00e1 disfrutar del montaje \u201cEn la Ib\u00e9rica espantan\u201d, a cargo del Coro de C\u00e1mara de Yucat\u00e1n, bajo la direcci\u00f3n de Jonathan Renter\u00eda, adem\u00e1s del concierto narrativo \u201cLoter\u00eda Mexicana\u201d, con Ver\u00f3nica Valerio y Malena Dur\u00e1n, en el Palacio de la M\u00fasica.<\/p>\n\n\n\n<p>El mi\u00e9rcoles 5 se presentar\u00e1 el concierto \u201cTrova del Tr\u00f3pico\u201d, a cargo del grupo Yahal Kab, en el Palacio de la M\u00fasica, y la obra teatral \u201cEl canto de la cigarra\u201d, interpretada por la Compa\u00f1\u00eda de Teatro Mayab Mool, en el Teatro Daniel Ayala. En el muelle de Celest\u00fan, el grupo Green Meen ofrecer\u00e1 una noche de jazz-fusi\u00f3n.<\/p>\n\n\n\n<p>El jueves 6 ser\u00e1 una jornada dedicada a la m\u00fasica con las presentaciones de Los Detectives, Jet Lag, Twin Machine y Dary Alva en la Concha Ac\u00fastica de Ticul, dentro del programa Circuitos en Movimiento: Muestra Musical de Yucat\u00e1n. Tambi\u00e9n habr\u00e1 funciones infantiles como \u201cNeko el Gato Viajero\u201d, en el Teatro Daniel Ayala, y el concierto \u201cLo que Cantamos las Mujeres\u201d, con el Coro Voces Claras, en el Palacio de la M\u00fasica.<\/p>\n\n\n\n<p>Las actividades del viernes 7 incluir\u00e1n el taller \u201cU boonilo\u2019ob kuxtal. Los colores de la vida\u201d en Dzity\u00e1 y el conversatorio \u201cBix\u201d, dedicado a los rituales funerarios mayas, en el Gran Museo del Mundo Maya. Ese d\u00eda tambi\u00e9n se presentar\u00e1 el rap en maya de Yaalen K\u2019uj en el Cobay de Akil, as\u00ed como las \u00f3peras \u201cGeneraci\u00f3n perdida\u201d y \u201cChican\u00edsima\u201d en el Teatro Armando Manzanero.<\/p>\n\n\n\n<p>El s\u00e1bado 8, el Gran Museo del Mundo Maya ser\u00e1 sede de la lectura \u201cU\u2019uy \u00fachben tsikbalilo\u2019ob: El Sabuc\u00e1n de las Historias\u201d, mientras que en Hunucm\u00e1 se ofrecer\u00e1 el concierto \u201cCon Sabor a Ceiba\u201d, del Colectivo Ceiba Flava.<\/p>\n\n\n\n<p>Finalmente, el domingo 9 se realizar\u00e1 el taller \u201cCh\u00edikulal \u00fauchben ts\u2019\u00edib. Escritura maya antigua\u201d en Dzity\u00e1, y la funci\u00f3n de teatro familiar \u201cXA\u2019AK\u201d en la Casa de la Cultura del Mayab. Ese mismo d\u00eda, las \u00f3peras \u201cGeneraci\u00f3n perdida\u201d y \u201cChican\u00edsima\u201d llegar\u00e1n a Valladolid, mientras el Tr\u00edo Acad\u00e9mico ofrecer\u00e1 el concierto \u201cEntre Sombras y Suspiros\u201d en el Palacio de la M\u00fasica.<\/p>\n\n\n\n<p>El Oto\u00f1o Cultural 2025 continuar\u00e1 a lo largo de noviembre con m\u00e1s actividades destacadas, incluyendo el concierto gratuito de Julieta Venegas el 16 de noviembre en Valladolid, y las presentaciones de la Orquesta Sinf\u00f3nica de Yucat\u00e1n el 14 y 16 de noviembre en M\u00e9rida.<\/p>\n<div class='share-to-whatsapp-wrapper'><div class='share-on-whsp'>Share on: <\/div><a data-text='La segunda semana del Oto\u00f1o Cultural 2025, tiene una amplia oferta art\u00edstica' data-link='https:\/\/visionpeninsular.com\/mid\/la-segunda-semana-del-otono-cultural-2025-tiene-una-amplia-oferta-artistica\/' class='whatsapp-button whatsapp-share'>WhatsApp<\/a><div class='clear '><\/div><\/div>","protected":false},"excerpt":{"rendered":"<p>M\u00e9rida, 3 de noviembre de 2025.- El Oto\u00f1o Cultural 2025, en su segunda semana, &nbsp;llega con una amplia y variada oferta art\u00edtica &nbsp;y tradiciones yucatecas, en una programaci\u00f3n gratuita organizada por la Secretar\u00eda de la Cultura y las Artes (Sedeculta) para disfrute de los y las habitantes del estado. Esta semana, la cartelera contempla propuestas &hellip;<\/p>\n","protected":false},"author":5,"featured_media":208183,"comment_status":"open","ping_status":"open","sticky":false,"template":"","format":"standard","meta":{"_mi_skip_tracking":false},"categories":[49,37],"tags":[185,50991,1557],"_links":{"self":[{"href":"https:\/\/visionpeninsular.com\/mid\/wp-json\/wp\/v2\/posts\/208181"}],"collection":[{"href":"https:\/\/visionpeninsular.com\/mid\/wp-json\/wp\/v2\/posts"}],"about":[{"href":"https:\/\/visionpeninsular.com\/mid\/wp-json\/wp\/v2\/types\/post"}],"author":[{"embeddable":true,"href":"https:\/\/visionpeninsular.com\/mid\/wp-json\/wp\/v2\/users\/5"}],"replies":[{"embeddable":true,"href":"https:\/\/visionpeninsular.com\/mid\/wp-json\/wp\/v2\/comments?post=208181"}],"version-history":[{"count":1,"href":"https:\/\/visionpeninsular.com\/mid\/wp-json\/wp\/v2\/posts\/208181\/revisions"}],"predecessor-version":[{"id":208184,"href":"https:\/\/visionpeninsular.com\/mid\/wp-json\/wp\/v2\/posts\/208181\/revisions\/208184"}],"wp:featuredmedia":[{"embeddable":true,"href":"https:\/\/visionpeninsular.com\/mid\/wp-json\/wp\/v2\/media\/208183"}],"wp:attachment":[{"href":"https:\/\/visionpeninsular.com\/mid\/wp-json\/wp\/v2\/media?parent=208181"}],"wp:term":[{"taxonomy":"category","embeddable":true,"href":"https:\/\/visionpeninsular.com\/mid\/wp-json\/wp\/v2\/categories?post=208181"},{"taxonomy":"post_tag","embeddable":true,"href":"https:\/\/visionpeninsular.com\/mid\/wp-json\/wp\/v2\/tags?post=208181"}],"curies":[{"name":"wp","href":"https:\/\/api.w.org\/{rel}","templated":true}]}}