{"id":208068,"date":"2025-10-29T16:18:36","date_gmt":"2025-10-29T22:18:36","guid":{"rendered":"https:\/\/visionpeninsular.com\/mid\/?p=208068"},"modified":"2025-10-29T16:18:37","modified_gmt":"2025-10-29T22:18:37","slug":"red-de-abogadas-en-accion-la-iniciativa-que-defendera-a-las-mujeres-victimas-de-violencia-politica","status":"publish","type":"post","link":"https:\/\/visionpeninsular.com\/mid\/red-de-abogadas-en-accion-la-iniciativa-que-defendera-a-las-mujeres-victimas-de-violencia-politica\/","title":{"rendered":"Red de Abogadas  en Acci\u00f3n, la iniciativa que defender\u00e1 a las mujeres v\u00edctimas de violencia pol\u00edtica"},"content":{"rendered":"\n<h2 class=\"has-text-align-center\">La Red est\u00e1 conformada por 50 mujeres;  trabajar\u00e1 en la denuncia y atenci\u00f3n de casos de violencia pol\u00edtica de g\u00e9nero<\/h2>\n\n\n\n<p>M\u00e9rida, Yucat\u00e1n, a 29 de octubre de 2025.\u2013 El Partido Acci\u00f3n Nacional (PAN) en Yucat\u00e1n present\u00f3 la Red de Abogadas en Acci\u00f3n. La iniciativa busca acompa\u00f1ar, defender y visibilizar los casos de violencia pol\u00edtica de g\u00e9nero que enfrentan mujeres en distintos municipios del Estado.<\/p>\n\n\n\n<p>El presidente del PAN Yucat\u00e1n, \u00c1lvaro Cetina Puerto, asegur\u00f3 que este proyecto se integra a la estrategia electoral del partido rumbo a 2027, con la meta de fortalecer su presencia territorial y organizativa, pero tambi\u00e9n de abrir espacios reales para la participaci\u00f3n de las mujeres.<\/p>\n\n\n\n<p>\u201cEsta Red de Abogadas es prioritaria. Nos estamos preparando para una reforma que pretende centralizar los \u00f3rganos electorales, como en los a\u00f1os ochenta. Tenemos que estar listas y listos para defender la voluntad del pueblo y darle un nuevo impulso a Yucat\u00e1n\u201d, sostuvo.<\/p>\n\n\n\n<p>El dirigente panista recalc\u00f3 que el trabajo de la Red trasciende lo jur\u00eddico: representa un cambio en la forma de hacer pol\u00edtica.<\/p>\n\n\n\n<p>\u201cNo se trata solo de litigar o capacitar, sino de acompa\u00f1ar. Este es el nuevo rostro del PAN Yucat\u00e1n: un partido que escucha, que defiende y que no deja solas a las mujeres\u201d, dijo.<\/p>\n\n\n\n<p>Por su parte, la secretaria de Promoci\u00f3n Pol\u00edtica de la Mujer, Ingrid Santos D\u00edaz, inform\u00f3 que Yucat\u00e1n es el tercer estado del pa\u00eds en sumarse a esta estrategia nacional.<\/p>\n\n\n\n<p>La Red, conformada por 50 mujeres abogadas, no solo trabajar\u00e1 en temas electorales, sino tambi\u00e9n en la denuncia y atenci\u00f3n de casos de violencia pol\u00edtica de g\u00e9nero, especialmente en municipios donde regidoras y funcionarias de oposici\u00f3n enfrentan hostigamiento de autoridades de Morena.<\/p>\n\n\n\n<p>\u201cLas mujeres necesitamos redes que nos respalden, que acompa\u00f1en con empat\u00eda y con conocimiento jur\u00eddico\u201d, subray\u00f3.<\/p>\n\n\n\n<p>Durante el evento se realiz\u00f3 la primera capacitaci\u00f3n, impartida por Juan de Dios Coll\u00ed Pinto, secretario de elecciones del PAN Yucat\u00e1n, sobre Fundamentos del Derecho Electoral.<\/p>\n\n\n\n<p>El programa de formaci\u00f3n se extender\u00e1 hasta diciembre de 2026 e incluir\u00e1 talleres, diplomados y asesor\u00edas especializadas.<\/p>\n\n\n\n<p>La Red ofrecer\u00e1 defensa jur\u00eddica, acompa\u00f1amiento emocional y capacitaci\u00f3n continua, adem\u00e1s de crear un registro estatal de casos y trabajar en coordinaci\u00f3n con universidades.<\/p>\n\n\n\n<p>Al cierre, las integrantes afirmaron que este esfuerzo es m\u00e1s que una estrategia partidista.<\/p>\n\n\n\n<p>\u201cSomos mujeres en acci\u00f3n, juristas con causa y defensoras de otras mujeres. Ninguna debe enfrentar sola la violencia pol\u00edtica\u201d, externaron.<\/p>\n\n\n\n<figure class=\"wp-block-image size-large\"><img loading=\"lazy\" width=\"1024\" height=\"682\" src=\"https:\/\/visionpeninsular.com\/mid\/wp-content\/uploads\/2025\/10\/1000558301-1024x682.jpg\" alt=\"\" class=\"wp-image-208070\" srcset=\"https:\/\/visionpeninsular.com\/mid\/wp-content\/uploads\/2025\/10\/1000558301-1024x682.jpg 1024w, https:\/\/visionpeninsular.com\/mid\/wp-content\/uploads\/2025\/10\/1000558301-300x200.jpg 300w, https:\/\/visionpeninsular.com\/mid\/wp-content\/uploads\/2025\/10\/1000558301-768x512.jpg 768w, https:\/\/visionpeninsular.com\/mid\/wp-content\/uploads\/2025\/10\/1000558301-1536x1023.jpg 1536w, https:\/\/visionpeninsular.com\/mid\/wp-content\/uploads\/2025\/10\/1000558301-310x205.jpg 310w, https:\/\/visionpeninsular.com\/mid\/wp-content\/uploads\/2025\/10\/1000558301.jpg 1600w\" sizes=\"(max-width: 1024px) 100vw, 1024px\" \/><figcaption>La Red ofrecer\u00e1 defensa jur\u00eddica, acompa\u00f1amiento emocional y capacitaci\u00f3n continua. FOTO: Cortes\u00eda<\/figcaption><\/figure>\n<div class='share-to-whatsapp-wrapper'><div class='share-on-whsp'>Share on: <\/div><a data-text='Red de Abogadas  en Acci\u00f3n, la iniciativa que defender\u00e1 a las mujeres v\u00edctimas de violencia pol\u00edtica' data-link='https:\/\/visionpeninsular.com\/mid\/red-de-abogadas-en-accion-la-iniciativa-que-defendera-a-las-mujeres-victimas-de-violencia-politica\/' class='whatsapp-button whatsapp-share'>WhatsApp<\/a><div class='clear '><\/div><\/div>","protected":false},"excerpt":{"rendered":"<p>La Red est\u00e1 conformada por 50 mujeres; trabajar\u00e1 en la denuncia y atenci\u00f3n de casos de violencia pol\u00edtica de g\u00e9nero M\u00e9rida, Yucat\u00e1n, a 29 de octubre de 2025.\u2013 El Partido Acci\u00f3n Nacional (PAN) en Yucat\u00e1n present\u00f3 la Red de Abogadas en Acci\u00f3n. La iniciativa busca acompa\u00f1ar, defender y visibilizar los casos de violencia pol\u00edtica de &hellip;<\/p>\n","protected":false},"author":11,"featured_media":208070,"comment_status":"open","ping_status":"open","sticky":false,"template":"","format":"standard","meta":{"_mi_skip_tracking":false},"categories":[57,37],"tags":[30970,35884,41978,50934],"_links":{"self":[{"href":"https:\/\/visionpeninsular.com\/mid\/wp-json\/wp\/v2\/posts\/208068"}],"collection":[{"href":"https:\/\/visionpeninsular.com\/mid\/wp-json\/wp\/v2\/posts"}],"about":[{"href":"https:\/\/visionpeninsular.com\/mid\/wp-json\/wp\/v2\/types\/post"}],"author":[{"embeddable":true,"href":"https:\/\/visionpeninsular.com\/mid\/wp-json\/wp\/v2\/users\/11"}],"replies":[{"embeddable":true,"href":"https:\/\/visionpeninsular.com\/mid\/wp-json\/wp\/v2\/comments?post=208068"}],"version-history":[{"count":1,"href":"https:\/\/visionpeninsular.com\/mid\/wp-json\/wp\/v2\/posts\/208068\/revisions"}],"predecessor-version":[{"id":208073,"href":"https:\/\/visionpeninsular.com\/mid\/wp-json\/wp\/v2\/posts\/208068\/revisions\/208073"}],"wp:featuredmedia":[{"embeddable":true,"href":"https:\/\/visionpeninsular.com\/mid\/wp-json\/wp\/v2\/media\/208070"}],"wp:attachment":[{"href":"https:\/\/visionpeninsular.com\/mid\/wp-json\/wp\/v2\/media?parent=208068"}],"wp:term":[{"taxonomy":"category","embeddable":true,"href":"https:\/\/visionpeninsular.com\/mid\/wp-json\/wp\/v2\/categories?post=208068"},{"taxonomy":"post_tag","embeddable":true,"href":"https:\/\/visionpeninsular.com\/mid\/wp-json\/wp\/v2\/tags?post=208068"}],"curies":[{"name":"wp","href":"https:\/\/api.w.org\/{rel}","templated":true}]}}