{"id":207603,"date":"2025-10-11T17:16:42","date_gmt":"2025-10-11T22:16:42","guid":{"rendered":"https:\/\/visionpeninsular.com\/mid\/?p=207603"},"modified":"2025-10-11T17:16:45","modified_gmt":"2025-10-11T22:16:45","slug":"cuba-y-yucatan-en-conversatorio-las-dos-orillas-del-caribe","status":"publish","type":"post","link":"https:\/\/visionpeninsular.com\/mid\/cuba-y-yucatan-en-conversatorio-las-dos-orillas-del-caribe\/","title":{"rendered":"Cuba y Yucat\u00e1n en conversatorio. \u201cLas dos orillas del Caribe\u201d"},"content":{"rendered":"\n<p>M\u00e9rida, 11 de octubre de 2025.- La Academia Liberal de Yucat\u00e1n reanud\u00f3 su tradicional programa \u201c<strong>Charlas de Caf\u00e9<\/strong>\u201d, con el conversatorio \u201c<strong>Las dos orillas del Caribe<\/strong>\u201d, un encuentro que destac\u00f3 los v\u00ednculos culturales, ling\u00fc\u00edsticos y sociales entre Cuba y Yucat\u00e1n, reafirmando su herencia caribe\u00f1a compartida.<\/p>\n\n\n\n<p>El encuentro, realizado en la Biblioteca Yucatanense, reuni\u00f3 a investigadores, acad\u00e9micos y p\u00fablico interesado en conocer las ra\u00edces compartidas de ambas regiones. Participaron el escritor Ariel Avil\u00e9s Mar\u00edn, recipiendario de la medalla H\u00e9ctor Victoria Aguilar, y el investigador de la Universidad Aut\u00f3noma de Yucat\u00e1n (UADY), Miguel G\u00fc\u00e9mez Pineda, quienes coincidieron en que Cuba y Yucat\u00e1n conforman un mismo universo cultural moldeado por siglos de intercambio humano y simb\u00f3lico.<\/p>\n\n\n\n<figure class=\"wp-block-image size-full\"><img loading=\"lazy\" width=\"583\" height=\"398\" src=\"https:\/\/visionpeninsular.com\/mid\/wp-content\/uploads\/2025\/10\/arielito.jpg\" alt=\"\" class=\"wp-image-207606\" srcset=\"https:\/\/visionpeninsular.com\/mid\/wp-content\/uploads\/2025\/10\/arielito.jpg 583w, https:\/\/visionpeninsular.com\/mid\/wp-content\/uploads\/2025\/10\/arielito-300x205.jpg 300w, https:\/\/visionpeninsular.com\/mid\/wp-content\/uploads\/2025\/10\/arielito-110x75.jpg 110w\" sizes=\"(max-width: 583px) 100vw, 583px\" \/><\/figure>\n\n\n\n<p>Avil\u00e9s Mar\u00edn destac\u00f3 que la identidad yucateca y cubana se entrelazan desde antes de la colonizaci\u00f3n, manteniendo una relaci\u00f3n que se expresa en la gastronom\u00eda, la lengua, la m\u00fasica y las tradiciones sociales. \u201cNos une un canal, pero nos separa muy poco en la manera de vivir y entender el mundo\u201d, expres\u00f3.<\/p>\n\n\n\n<p>Entre los elementos culturales comunes, mencion\u00f3 la trova, la guayabera, el gusto por el caf\u00e9 y las tertulias literarias, s\u00edmbolos de un legado caribe\u00f1o compartido que sigue vivo en la vida cotidiana.<\/p>\n\n\n\n<p>Por su parte, G\u00fc\u00e9mez Pineda profundiz\u00f3 en los intercambios ling\u00fc\u00edsticos y etnogr\u00e1ficos entre ambas regiones, se\u00f1alando que la herencia de los pueblos ta\u00ednos, arahuacos y africanos dej\u00f3 una huella visible en el vocabulario yucateco con palabras como bejuco, bajareque, ceiba, tabaco, canoa y tolete, entre muchas otras.<\/p>\n\n\n\n<p>El investigador tambi\u00e9n record\u00f3 que migrantes cubanos llegaron a Yucat\u00e1n para trabajar en ingenios azucareros y en el \u00e1mbito deportivo, particularmente en el b\u00e9isbol, contribuyendo al desarrollo social y cultural del estado.<\/p>\n\n\n\n<figure class=\"wp-block-image size-full\"><img loading=\"lazy\" width=\"500\" height=\"338\" src=\"https:\/\/visionpeninsular.com\/mid\/wp-content\/uploads\/2025\/10\/shima.jpg\" alt=\"\" class=\"wp-image-207607\" srcset=\"https:\/\/visionpeninsular.com\/mid\/wp-content\/uploads\/2025\/10\/shima.jpg 500w, https:\/\/visionpeninsular.com\/mid\/wp-content\/uploads\/2025\/10\/shima-300x203.jpg 300w, https:\/\/visionpeninsular.com\/mid\/wp-content\/uploads\/2025\/10\/shima-110x75.jpg 110w\" sizes=\"(max-width: 500px) 100vw, 500px\" \/><\/figure>\n\n\n\n<p>Finalmente, el presidente de la Academia Liberal de Yucat\u00e1n, Hiram Garc\u00eda Acosta, agradeci\u00f3 el respaldo de la Sedeculta y del personal de la Biblioteca Yucatanense por mantener espacios que fomentan la reflexi\u00f3n, el di\u00e1logo y la preservaci\u00f3n de la memoria cultural del pueblo yucateco.<\/p>\n<div class='share-to-whatsapp-wrapper'><div class='share-on-whsp'>Share on: <\/div><a data-text='Cuba y Yucat\u00e1n en conversatorio. \u201cLas dos orillas del Caribe\u201d' data-link='https:\/\/visionpeninsular.com\/mid\/cuba-y-yucatan-en-conversatorio-las-dos-orillas-del-caribe\/' class='whatsapp-button whatsapp-share'>WhatsApp<\/a><div class='clear '><\/div><\/div>","protected":false},"excerpt":{"rendered":"<p>M\u00e9rida, 11 de octubre de 2025.- La Academia Liberal de Yucat\u00e1n reanud\u00f3 su tradicional programa \u201cCharlas de Caf\u00e9\u201d, con el conversatorio \u201cLas dos orillas del Caribe\u201d, un encuentro que destac\u00f3 los v\u00ednculos culturales, ling\u00fc\u00edsticos y sociales entre Cuba y Yucat\u00e1n, reafirmando su herencia caribe\u00f1a compartida. El encuentro, realizado en la Biblioteca Yucatanense, reuni\u00f3 a investigadores, &hellip;<\/p>\n","protected":false},"author":5,"featured_media":207605,"comment_status":"open","ping_status":"open","sticky":false,"template":"","format":"standard","meta":{"_mi_skip_tracking":false},"categories":[49,37],"tags":[50655,50656,50658,50657],"_links":{"self":[{"href":"https:\/\/visionpeninsular.com\/mid\/wp-json\/wp\/v2\/posts\/207603"}],"collection":[{"href":"https:\/\/visionpeninsular.com\/mid\/wp-json\/wp\/v2\/posts"}],"about":[{"href":"https:\/\/visionpeninsular.com\/mid\/wp-json\/wp\/v2\/types\/post"}],"author":[{"embeddable":true,"href":"https:\/\/visionpeninsular.com\/mid\/wp-json\/wp\/v2\/users\/5"}],"replies":[{"embeddable":true,"href":"https:\/\/visionpeninsular.com\/mid\/wp-json\/wp\/v2\/comments?post=207603"}],"version-history":[{"count":1,"href":"https:\/\/visionpeninsular.com\/mid\/wp-json\/wp\/v2\/posts\/207603\/revisions"}],"predecessor-version":[{"id":207608,"href":"https:\/\/visionpeninsular.com\/mid\/wp-json\/wp\/v2\/posts\/207603\/revisions\/207608"}],"wp:featuredmedia":[{"embeddable":true,"href":"https:\/\/visionpeninsular.com\/mid\/wp-json\/wp\/v2\/media\/207605"}],"wp:attachment":[{"href":"https:\/\/visionpeninsular.com\/mid\/wp-json\/wp\/v2\/media?parent=207603"}],"wp:term":[{"taxonomy":"category","embeddable":true,"href":"https:\/\/visionpeninsular.com\/mid\/wp-json\/wp\/v2\/categories?post=207603"},{"taxonomy":"post_tag","embeddable":true,"href":"https:\/\/visionpeninsular.com\/mid\/wp-json\/wp\/v2\/tags?post=207603"}],"curies":[{"name":"wp","href":"https:\/\/api.w.org\/{rel}","templated":true}]}}