{"id":207201,"date":"2025-09-29T16:34:19","date_gmt":"2025-09-29T21:34:19","guid":{"rendered":"https:\/\/visionpeninsular.com\/mid\/?p=207201"},"modified":"2025-09-29T16:34:22","modified_gmt":"2025-09-29T21:34:22","slug":"activan-protocolo-de-feminicidio-en-ticul-tras-ataque-a-una-mujer","status":"publish","type":"post","link":"https:\/\/visionpeninsular.com\/mid\/activan-protocolo-de-feminicidio-en-ticul-tras-ataque-a-una-mujer\/","title":{"rendered":"Activan protocolo de feminicidio en Ticul tras ataque a una mujer"},"content":{"rendered":"\n<p>M\u00e9rida, 29 de septiembre de 2025.- Una mujer perdi\u00f3 &nbsp;la vida v\u00edctima de un artero &nbsp;ataque de su ex pareja, lo que llev\u00f3 a las autoridades a activar el protocolo de feminicidio &nbsp;en la sure\u00f1a ciudad de Ticul.<\/p>\n\n\n\n<p>De acuerdo con las primeras informaciones, la v\u00edctima y el agresor se desplazaban cada uno en su motocicleta por la calle 32 por 9A y 11 de la colonia Los Electricistas, cuando, en un momento dado &nbsp;rl hombre se emparej\u00f3 con la mujer y, tras una discusi\u00f3n, la hiri\u00f3 con una navaja en el cuello.<\/p>\n\n\n\n<p>La mujer cay\u00f3 al pavimento gravemente herida y, a pesar de la presencia de testigos que intentaron auxiliarla, perdi\u00f3 la vida en el sitio. El atacante, durante la confusi\u00f3n &nbsp;trat\u00f3 de huir, mientras que vecinos dieron aviso inmediato a las autoridades.<\/p>\n\n\n\n<p>Elementos de la Polic\u00eda Estatal y Municipal acordonaron el \u00e1rea y personal de la Fiscal\u00eda General del Estado realiz\u00f3 el levantamiento de indicios, para&nbsp; posteriormente, confirmar &nbsp;la activaci\u00f3n del protocolo de feminicidio para la investigaci\u00f3n del caso.<\/p>\n\n\n\n<p>El agresor de la mujer, en un intento de evadir la acci\u00f3n legal de la justicia ente este lamentable suceso, ingiri\u00f3 un qu\u00edmico con la intenci\u00f3n de suicidarse, por lo cual se encuentra interno en un hospital donde permanece bajo custodia policial.<\/p>\n\n\n\n<p>Con el lamentable hecho de este d\u00eda, llegan a siete los feminicidios ocurridos en el transcurso de este a\u00f1o en Yucat\u00e1n.<\/p>\n<div class='share-to-whatsapp-wrapper'><div class='share-on-whsp'>Share on: <\/div><a data-text='Activan protocolo de feminicidio en Ticul tras ataque a una mujer' data-link='https:\/\/visionpeninsular.com\/mid\/activan-protocolo-de-feminicidio-en-ticul-tras-ataque-a-una-mujer\/' class='whatsapp-button whatsapp-share'>WhatsApp<\/a><div class='clear '><\/div><\/div>","protected":false},"excerpt":{"rendered":"<p>M\u00e9rida, 29 de septiembre de 2025.- Una mujer perdi\u00f3 &nbsp;la vida v\u00edctima de un artero &nbsp;ataque de su ex pareja, lo que llev\u00f3 a las autoridades a activar el protocolo de feminicidio &nbsp;en la sure\u00f1a ciudad de Ticul. De acuerdo con las primeras informaciones, la v\u00edctima y el agresor se desplazaban cada uno en su &hellip;<\/p>\n","protected":false},"author":5,"featured_media":207203,"comment_status":"open","ping_status":"open","sticky":false,"template":"","format":"standard","meta":{"_mi_skip_tracking":false},"categories":[50,37],"tags":[50426,50424,50425],"_links":{"self":[{"href":"https:\/\/visionpeninsular.com\/mid\/wp-json\/wp\/v2\/posts\/207201"}],"collection":[{"href":"https:\/\/visionpeninsular.com\/mid\/wp-json\/wp\/v2\/posts"}],"about":[{"href":"https:\/\/visionpeninsular.com\/mid\/wp-json\/wp\/v2\/types\/post"}],"author":[{"embeddable":true,"href":"https:\/\/visionpeninsular.com\/mid\/wp-json\/wp\/v2\/users\/5"}],"replies":[{"embeddable":true,"href":"https:\/\/visionpeninsular.com\/mid\/wp-json\/wp\/v2\/comments?post=207201"}],"version-history":[{"count":1,"href":"https:\/\/visionpeninsular.com\/mid\/wp-json\/wp\/v2\/posts\/207201\/revisions"}],"predecessor-version":[{"id":207204,"href":"https:\/\/visionpeninsular.com\/mid\/wp-json\/wp\/v2\/posts\/207201\/revisions\/207204"}],"wp:featuredmedia":[{"embeddable":true,"href":"https:\/\/visionpeninsular.com\/mid\/wp-json\/wp\/v2\/media\/207203"}],"wp:attachment":[{"href":"https:\/\/visionpeninsular.com\/mid\/wp-json\/wp\/v2\/media?parent=207201"}],"wp:term":[{"taxonomy":"category","embeddable":true,"href":"https:\/\/visionpeninsular.com\/mid\/wp-json\/wp\/v2\/categories?post=207201"},{"taxonomy":"post_tag","embeddable":true,"href":"https:\/\/visionpeninsular.com\/mid\/wp-json\/wp\/v2\/tags?post=207201"}],"curies":[{"name":"wp","href":"https:\/\/api.w.org\/{rel}","templated":true}]}}