{"id":207009,"date":"2025-09-24T17:07:56","date_gmt":"2025-09-24T22:07:56","guid":{"rendered":"https:\/\/visionpeninsular.com\/mid\/?p=207009"},"modified":"2025-09-24T17:07:59","modified_gmt":"2025-09-24T22:07:59","slug":"luis-quijano-presentara-su-obra-en-el-gran-museo-del-mundo-maya","status":"publish","type":"post","link":"https:\/\/visionpeninsular.com\/mid\/luis-quijano-presentara-su-obra-en-el-gran-museo-del-mundo-maya\/","title":{"rendered":"Luis Quijano presentar\u00e1 su obra  en el Gran Museo del Mundo Maya"},"content":{"rendered":"\n<p>M\u00e9rida, 24 de septiembre de 2025.- El cineasta yucateco Luis Quijano regresa a M\u00e9rida para compartir &nbsp;su propuesta cinematogr\u00e1fica de terror y fantas\u00eda, este mi\u00e9rcoles 24 de septiembre, a las 19:00 horas, en la Sala Mayamax del Gran Museo del Mundo Maya<\/p>\n\n\n\n<p>Reconocido internacionalmente tras participar en importantes festivales, como <strong>el New York Latino Film Festival 2025<\/strong>, Quijano busca acercar a los yucatecos al cine de g\u00e9nero con &nbsp;cortometrajes que exploran la complejidad humana y los l\u00edmites de la imaginaci\u00f3n.<\/p>\n\n\n\n<p>Entre los cortometrajes elegidos para esta presentaci\u00f3n destacan, <strong>\u201cCaminante, caminante: la leyenda del huay chivo\u201d,<\/strong> que aborda la confrontaci\u00f3n entre la fe religiosa y las creencias ancestrales en un pueblo yucateco.<\/p>\n\n\n\n<figure class=\"wp-block-image size-full\"><img loading=\"lazy\" width=\"500\" height=\"345\" src=\"https:\/\/visionpeninsular.com\/mid\/wp-content\/uploads\/2025\/09\/aacion.jpg\" alt=\"\" class=\"wp-image-207012\" srcset=\"https:\/\/visionpeninsular.com\/mid\/wp-content\/uploads\/2025\/09\/aacion.jpg 500w, https:\/\/visionpeninsular.com\/mid\/wp-content\/uploads\/2025\/09\/aacion-300x207.jpg 300w, https:\/\/visionpeninsular.com\/mid\/wp-content\/uploads\/2025\/09\/aacion-110x75.jpg 110w\" sizes=\"(max-width: 500px) 100vw, 500px\" \/><\/figure>\n\n\n\n<p><strong>\u201cCaviar Star\u201d,<\/strong> la historia de una actriz brasile\u00f1a que se enfrenta a un esp\u00edritu vengativo en medio de su b\u00fasqueda de \u00e9xito en Los \u00c1ngeles.<\/p>\n\n\n\n<p><strong>\u201cAll the things\u201d,<\/strong> un relato \u00edntimo sobre un hombre que empaca toda su vida en una maleta.<\/p>\n\n\n\n<p><strong>\u201cAVEM\u201d,<\/strong> donde un joven migrante experimenta una transformaci\u00f3n corporal como met\u00e1fora de libertad y cambio.<\/p>\n\n\n\n<p>Un comercial para Banana Boat, complementa la selecci\u00f3n.<\/p>\n\n\n\n<figure class=\"wp-block-image size-full\"><img loading=\"lazy\" width=\"500\" height=\"343\" src=\"https:\/\/visionpeninsular.com\/mid\/wp-content\/uploads\/2025\/09\/observando.jpg\" alt=\"\" class=\"wp-image-207013\" srcset=\"https:\/\/visionpeninsular.com\/mid\/wp-content\/uploads\/2025\/09\/observando.jpg 500w, https:\/\/visionpeninsular.com\/mid\/wp-content\/uploads\/2025\/09\/observando-300x206.jpg 300w, https:\/\/visionpeninsular.com\/mid\/wp-content\/uploads\/2025\/09\/observando-110x75.jpg 110w\" sizes=\"(max-width: 500px) 100vw, 500px\" \/><\/figure>\n\n\n\n<p>Adem\u00e1s, el p\u00fablico podr\u00e1 disfrutar del avance de \u201cMe gusta m\u00e1s crudo\u201d, un largometraje que narra la historia de Fernando y Andrea, una pareja de can\u00edbales cuya retorcida relaci\u00f3n se convierte en un ritual de deseo, poder y resistencia.<\/p>\n\n\n\n<p>El evento contar\u00e1 con alfombra roja, conversatorio con el cineasta y un coctel de cierre, organizado por la Universidad de las Artes de Yucat\u00e1n (UNAY) en colaboraci\u00f3n con la Secretar\u00eda de la Cultura y las Artes, el Patronato Cultur, el Gran Museo del Mundo Maya, la Orquesta Sinf\u00f3nica de Yucat\u00e1n, el Patronato para la Orquesta Sinf\u00f3nica y Dinercap.<\/p>\n\n\n\n<p>Luis Quijano, director, productor y escritor nacido en M\u00e9rida, ha desarrollado su carrera en M\u00e9xico y Estados Unidos, obteniendo becas y premios por su trabajo. Desde su productora Balch\u00e9 Films, ha enfocado su narrativa en el terror y la fantas\u00eda como v\u00edas para reflejar la complejidad de la naturaleza humana.<\/p>\n\n\n\n<figure class=\"wp-block-image size-full\"><img loading=\"lazy\" width=\"600\" height=\"345\" src=\"https:\/\/visionpeninsular.com\/mid\/wp-content\/uploads\/2025\/09\/ensayo.jpg\" alt=\"\" class=\"wp-image-207014\" srcset=\"https:\/\/visionpeninsular.com\/mid\/wp-content\/uploads\/2025\/09\/ensayo.jpg 600w, https:\/\/visionpeninsular.com\/mid\/wp-content\/uploads\/2025\/09\/ensayo-300x173.jpg 300w\" sizes=\"(max-width: 600px) 100vw, 600px\" \/><\/figure>\n\n\n\n<p>\u201cPresentar mi trabajo en M\u00e9rida significa regresar al origen. Quiero invitar a los j\u00f3venes a no rendirse, a marcarse metas y perseguirlas con constancia, porque el cine es un camino dif\u00edcil, pero posible con perseverancia\u201d, expres\u00f3.<\/p>\n<div class='share-to-whatsapp-wrapper'><div class='share-on-whsp'>Share on: <\/div><a data-text='Luis Quijano presentar\u00e1 su obra  en el Gran Museo del Mundo Maya' data-link='https:\/\/visionpeninsular.com\/mid\/luis-quijano-presentara-su-obra-en-el-gran-museo-del-mundo-maya\/' class='whatsapp-button whatsapp-share'>WhatsApp<\/a><div class='clear '><\/div><\/div>","protected":false},"excerpt":{"rendered":"<p>M\u00e9rida, 24 de septiembre de 2025.- El cineasta yucateco Luis Quijano regresa a M\u00e9rida para compartir &nbsp;su propuesta cinematogr\u00e1fica de terror y fantas\u00eda, este mi\u00e9rcoles 24 de septiembre, a las 19:00 horas, en la Sala Mayamax del Gran Museo del Mundo Maya Reconocido internacionalmente tras participar en importantes festivales, como el New York Latino Film &hellip;<\/p>\n","protected":false},"author":5,"featured_media":207011,"comment_status":"open","ping_status":"open","sticky":false,"template":"","format":"standard","meta":{"_mi_skip_tracking":false},"categories":[50,37],"tags":[7207,15645,50337,1557,36157],"_links":{"self":[{"href":"https:\/\/visionpeninsular.com\/mid\/wp-json\/wp\/v2\/posts\/207009"}],"collection":[{"href":"https:\/\/visionpeninsular.com\/mid\/wp-json\/wp\/v2\/posts"}],"about":[{"href":"https:\/\/visionpeninsular.com\/mid\/wp-json\/wp\/v2\/types\/post"}],"author":[{"embeddable":true,"href":"https:\/\/visionpeninsular.com\/mid\/wp-json\/wp\/v2\/users\/5"}],"replies":[{"embeddable":true,"href":"https:\/\/visionpeninsular.com\/mid\/wp-json\/wp\/v2\/comments?post=207009"}],"version-history":[{"count":1,"href":"https:\/\/visionpeninsular.com\/mid\/wp-json\/wp\/v2\/posts\/207009\/revisions"}],"predecessor-version":[{"id":207015,"href":"https:\/\/visionpeninsular.com\/mid\/wp-json\/wp\/v2\/posts\/207009\/revisions\/207015"}],"wp:featuredmedia":[{"embeddable":true,"href":"https:\/\/visionpeninsular.com\/mid\/wp-json\/wp\/v2\/media\/207011"}],"wp:attachment":[{"href":"https:\/\/visionpeninsular.com\/mid\/wp-json\/wp\/v2\/media?parent=207009"}],"wp:term":[{"taxonomy":"category","embeddable":true,"href":"https:\/\/visionpeninsular.com\/mid\/wp-json\/wp\/v2\/categories?post=207009"},{"taxonomy":"post_tag","embeddable":true,"href":"https:\/\/visionpeninsular.com\/mid\/wp-json\/wp\/v2\/tags?post=207009"}],"curies":[{"name":"wp","href":"https:\/\/api.w.org\/{rel}","templated":true}]}}