{"id":206799,"date":"2025-09-17T22:22:20","date_gmt":"2025-09-18T03:22:20","guid":{"rendered":"https:\/\/visionpeninsular.com\/mid\/?p=206799"},"modified":"2025-09-17T22:22:22","modified_gmt":"2025-09-18T03:22:22","slug":"del-25-de-octubre-al-2-de-noviembre-se-realizara-el-festival-de-las-animas","status":"publish","type":"post","link":"https:\/\/visionpeninsular.com\/mid\/del-25-de-octubre-al-2-de-noviembre-se-realizara-el-festival-de-las-animas\/","title":{"rendered":"Del 25 de octubre al 2 de noviembre se realizar\u00e1 el Festival de las \u00c1nimas"},"content":{"rendered":"\n<h2 class=\"has-text-align-center\">La octava edici\u00f3n, que  tiene por lema &#8220;Haz tuya la celebraci\u00f3n&#8221;, presentar\u00e1 innovaciones y una cartelera descentralizada<\/h2>\n\n\n\n<p>M\u00e9rida, Yucat\u00e1n, a 17 de septiembre de 2025.\u2013El Festival de las \u00c1nimas 2025 se realizar\u00e1 del 25 de octubre al 2 de noviembre. Por segundo a\u00f1o consecutivo, la cartelera se descentralizar\u00e1 para que los eventos lleguen a las colonias y comisar\u00edas de la capital yucateca.<\/p>\n\n\n\n<p>Durante la presentaci\u00f3n, la alcaldesa Cecilia Patr\u00f3n Laviada mencion\u00f3 que esta edici\u00f3n tiene por lema &#8220;Haz tuya la celebraci\u00f3n&#8221; presentar\u00e1 innovaciones en el Paseo de las \u00c1nimas como son:<\/p>\n\n\n\n<p>Un portal al inframundo, que simboliza el cruce al m\u00e1s all\u00e1, un arco iluminado; videomapping en La Ermita, donde las im\u00e1genes narrar\u00e1n una cosmovisi\u00f3n maya y el janal pix\u00e1n. Tambi\u00e9n habr\u00e1 otro videomapping sobre el agua.<\/p>\n\n\n\n<p>Callejones de la historia, recorrido cultural en el Cementerio General, despu\u00e9s de la salida del Paseo de las \u00c1nimas.<\/p>\n\n\n\n<p>Un espacio de convivencia e integraci\u00f3n para las y los j\u00f3venes.<\/p>\n\n\n\n<p>En parque de San Juan se realizar\u00e1 una exposici\u00f3n de figuras de luces con motivo de vivir estas tradiciones en comunidad. La muestra estar\u00e1 un mes para el disfrute de las familias y visitantes.<\/p>\n\n\n\n<p>La primera edil invit\u00f3 a los y las meridanos unirse a las celebraciones que se realizar\u00e1n en el fraccionamiento Juan Pablo II, en la comisar\u00eda San Jos\u00e9 Tzal.<\/p>\n\n\n\n<p>&#8220;Habr\u00e1 mucho color, mucho sabor, mucho amor y, sobre todo, mucha convivencia de los y los meridanos&#8221;, asever\u00f3.<\/p>\n\n\n\n<h3>M\u00e1s detalles de las actividades<\/h3>\n\n\n\n<p>S\u00e1bado 25 de octubre.\u2013 Noche Mexicana del D\u00eda de Muertos, en un horario de 8 a 10 de la noche en el remate de Paseo de Montejo.<\/p>\n\n\n\n<p>Del domingo 26 al domingo 2 de noviembre.\u2013 Altar Monumental en la Plaza Grande. A partir de las 6 p.m.<\/p>\n\n\n\n<p>Domingo 26 de octubre.\u2013 La 8a. Feria del Mucbilpollo. De 8 a.m a 8 p.m. en el parque de San Sebasti\u00e1n.<\/p>\n\n\n\n<p>Lunes 27 de octubre. Recorrido guiado por los mausoleos y tumbas emblem\u00e1ticas en el Cementerio General. De 6 p.m. a 10 p.m.<\/p>\n\n\n\n<p>Tambi\u00e9n se realizar\u00e1 Vaquer\u00eda de las \u00c1nimas en los Bajos del Palacio Municipal, de 9 p.m. a 10 p.m.<\/p>\n\n\n\n<p>Martes 28 de octubre. Pix\u00e1n Peek, un concurso de disfraces para mascotas.<\/p>\n\n\n\n<p>Tambi\u00e9n se realizar\u00e1 &#8220;M\u00e9xico y sus tradiciones&#8221;, presentaci\u00f3n de bailables de todo el pa\u00eds. 8 p.m. en el Centro Municipal de Danza.<\/p>\n\n\n\n<p>Mi\u00e9rcoles 29 de octubre. Rodada de las \u00c1nimas, recorrido nocturno de bicicletas del parque de La Ermita hasta el Cementerio Municipal. La cita es a las 8 p.m.<\/p>\n\n\n\n<p>Jueves 30 de octubre. Pix\u00e1n Baal, desfile, cuentos y leyendas mayas dedicados a la ni\u00f1ez meridana, altares infantiles y la conferencia &#8220;Misterios del inframundo maya&#8221; y el show de la T\u00eda Chela. Parque La Vista del fraccionamiento Juan Pablo II a las 6 p.m.<\/p>\n\n\n\n<p>Caminata de las \u00c1nimas a cargo de los y las estudiantes de los Centro Aprende en La Isla. 6 p.m.<\/p>\n\n\n\n<p>Viernes 31 de octubre. Paseo de las \u00c1nimas. Recorrido del Cementerio General al parque de San Juan con altares y magna vaquer\u00eda. A partir de las 6 p.m.<\/p>\n\n\n\n<p>S\u00e1bado 1 de noviembre. Desfile de Catrinas en el Paseo de Montejo a las 7 p.m.<\/p>\n\n\n\n<p>Camino misterioso del Misn\u00e9 Balam. Sendero nocturno guiado desde Xcuny\u00e1 hasta Misn\u00e9 Balam, de 6 p.m. a 9 p.m.<\/p>\n\n\n\n<p>El domingo 2 de noviembre. La tradicional vaquer\u00eda en San Jos\u00e9 Tzal. De 6 p.m. a 9 p.m.<\/p>\n\n\n\n<p>La cartera puede consultarse en www.merida.gob.mx\/animas o en las redes oficiales del Ayuntamiento de M\u00e9rida.<\/p>\n\n\n\n<figure class=\"wp-block-image size-large\"><img loading=\"lazy\" width=\"1024\" height=\"576\" src=\"https:\/\/visionpeninsular.com\/mid\/wp-content\/uploads\/2025\/09\/1000497844-1024x576.jpg\" alt=\"\" class=\"wp-image-206801\" srcset=\"https:\/\/visionpeninsular.com\/mid\/wp-content\/uploads\/2025\/09\/1000497844-1024x576.jpg 1024w, https:\/\/visionpeninsular.com\/mid\/wp-content\/uploads\/2025\/09\/1000497844-300x169.jpg 300w, https:\/\/visionpeninsular.com\/mid\/wp-content\/uploads\/2025\/09\/1000497844-768x432.jpg 768w, https:\/\/visionpeninsular.com\/mid\/wp-content\/uploads\/2025\/09\/1000497844-1536x864.jpg 1536w, https:\/\/visionpeninsular.com\/mid\/wp-content\/uploads\/2025\/09\/1000497844.jpg 1599w\" sizes=\"(max-width: 1024px) 100vw, 1024px\" \/><figcaption>La octava edici\u00f3n del Festival de las \u00c1nimas se realizar\u00e1 del 25 de octubre al 2 de noviembre. FOTOGRAF\u00cdA: VP<\/figcaption><\/figure>\n\n\n\n<p> <\/p>\n<div class='share-to-whatsapp-wrapper'><div class='share-on-whsp'>Share on: <\/div><a data-text='Del 25 de octubre al 2 de noviembre se realizar\u00e1 el Festival de las \u00c1nimas' data-link='https:\/\/visionpeninsular.com\/mid\/del-25-de-octubre-al-2-de-noviembre-se-realizara-el-festival-de-las-animas\/' class='whatsapp-button whatsapp-share'>WhatsApp<\/a><div class='clear '><\/div><\/div>","protected":false},"excerpt":{"rendered":"<p>La octava edici\u00f3n, que tiene por lema &#8220;Haz tuya la celebraci\u00f3n&#8221;, presentar\u00e1 innovaciones y una cartelera descentralizada M\u00e9rida, Yucat\u00e1n, a 17 de septiembre de 2025.\u2013El Festival de las \u00c1nimas 2025 se realizar\u00e1 del 25 de octubre al 2 de noviembre. Por segundo a\u00f1o consecutivo, la cartelera se descentralizar\u00e1 para que los eventos lleguen a las &hellip;<\/p>\n","protected":false},"author":11,"featured_media":206801,"comment_status":"open","ping_status":"open","sticky":false,"template":"","format":"standard","meta":{"_mi_skip_tracking":false},"categories":[49,37],"tags":[5668,8615,50215,13607],"_links":{"self":[{"href":"https:\/\/visionpeninsular.com\/mid\/wp-json\/wp\/v2\/posts\/206799"}],"collection":[{"href":"https:\/\/visionpeninsular.com\/mid\/wp-json\/wp\/v2\/posts"}],"about":[{"href":"https:\/\/visionpeninsular.com\/mid\/wp-json\/wp\/v2\/types\/post"}],"author":[{"embeddable":true,"href":"https:\/\/visionpeninsular.com\/mid\/wp-json\/wp\/v2\/users\/11"}],"replies":[{"embeddable":true,"href":"https:\/\/visionpeninsular.com\/mid\/wp-json\/wp\/v2\/comments?post=206799"}],"version-history":[{"count":1,"href":"https:\/\/visionpeninsular.com\/mid\/wp-json\/wp\/v2\/posts\/206799\/revisions"}],"predecessor-version":[{"id":206802,"href":"https:\/\/visionpeninsular.com\/mid\/wp-json\/wp\/v2\/posts\/206799\/revisions\/206802"}],"wp:featuredmedia":[{"embeddable":true,"href":"https:\/\/visionpeninsular.com\/mid\/wp-json\/wp\/v2\/media\/206801"}],"wp:attachment":[{"href":"https:\/\/visionpeninsular.com\/mid\/wp-json\/wp\/v2\/media?parent=206799"}],"wp:term":[{"taxonomy":"category","embeddable":true,"href":"https:\/\/visionpeninsular.com\/mid\/wp-json\/wp\/v2\/categories?post=206799"},{"taxonomy":"post_tag","embeddable":true,"href":"https:\/\/visionpeninsular.com\/mid\/wp-json\/wp\/v2\/tags?post=206799"}],"curies":[{"name":"wp","href":"https:\/\/api.w.org\/{rel}","templated":true}]}}