{"id":20665,"date":"2017-01-28T08:50:37","date_gmt":"2017-01-28T14:50:37","guid":{"rendered":"http:\/\/visionpeninsular.com\/mid\/?p=20665"},"modified":"2017-01-28T08:50:37","modified_gmt":"2017-01-28T14:50:37","slug":"quieren-salir-zona-confort-cuestiona-perla-tun-a-los-integrantes-cabildo-llevarle-la-contraria","status":"publish","type":"post","link":"https:\/\/visionpeninsular.com\/mid\/quieren-salir-zona-confort-cuestiona-perla-tun-a-los-integrantes-cabildo-llevarle-la-contraria\/","title":{"rendered":"\u201cNO QUIEREN SALIR DE SU ZONA DE CONFORT\u201d: Cuestiona Perla Tun a los integrantes de su Cabildo por llevarle la contraria"},"content":{"rendered":"<p><strong>COZUMEL, MX.-<\/strong> Perla Tun no da su brazo a torcer, con todo y que se unieron en su contra \u00a0los regidores del PAN y PRD, que \u00a0la acompa\u00f1aron en la planilla al ayuntamiento de Cozumel y los concejales de la oposici\u00f3n \u2018rojiverde\u2019\u00a0\u00a0para reiterar el rechazo \u00a0su propuesta de \u00a0realizar otra sesi\u00f3n \u2018extramuros\u2019 del Palacio Municipal.<\/p>\n<p>\u201cEs irrisorio y tonto\u201d, asegur\u00f3.<\/p>\n<p>Tambi\u00e9n los acus\u00f3 de \u201cincongruentes\u201d, pues luego de rechazar su propuesta de celebrar la pr\u00f3xima sesi\u00f3n de cabildo otra vez en un parque, ahora el \u201cNi\u00f1os H\u00e9roes\u201d de la colonia ampliaci\u00f3n CTM, los regidores se\u00f1alaron que s\u00ed van a salir a sesionar a \u00e1reas p\u00fablicas, incluidas universidades, pero cundo ellos lo dispongan.<\/p>\n<p>\u201cNo quieren salir de su zona de confort\u201d, agreg\u00f3.<\/p>\n<p>Las sesiones fuera del Palacio Municipal, apunt\u00f3, se har\u00e1n, cuando as\u00ed lo promueva alguna de los regidores.<\/p>\n<p>\u201cSer\u00e1 hasta que ellos quieran\u201d, dijo.<\/p>\n<p>Sin embargo, se\u00f1al\u00f3 que no asume la conducta de los regidores que estuvieron en su planilla pues ella los invit\u00f3 a ser candidatos y cuando formaliz\u00f3 este compromiso los exhort\u00f3 que \u201cno quer\u00eda m\u00e1s levantamos\u201d.<\/p>\n<p>Y advirti\u00f3:<\/p>\n<p>\u201cNo voy ofrecer dinero, ni pactar, ni canjear prebendas para que aprueben a todo a mi favor\u201d.<\/p>\n<p>Tambi\u00e9n cuestion\u00f3 el desempe\u00f1o de algunos de los regidores, a los que se\u00f1al\u00f3 que no saben sus atribuciones pues se siente como ejecutivos, cuando su labor es perfeccionar los reglamentos.<\/p>\n<p>La panista acot\u00f3 que en lugar de estar \u201cen la grilla\u201d, cada regidor deber\u00eda de reunirse con la ciudadan\u00eda para escuchar la problem\u00e1tica relacionada a su comisi\u00f3n en el cabildo y presentar propuestas para mejor los reglamentos respectivos.<\/p>\n<p>De paso, se\u00f1al\u00f3, que ella como Presidenta Municipal \u201ctiene hora de entrada y no de salida\u201d y que trabajan \u201c24\/7\u201d, mientras que los concejales no tienen horario laboral e incluso sus actos en sesiones de cabildo no tiene implicaciones legales.<\/p>\n<p>\u201cTiene un papel muy c\u00f3modo\u201d, subray\u00f3.<\/p>\n<p>Sin embargo, se\u00f1al\u00f3 que no ve alguna se\u00f1al para que se declararse alcaldesa independiente y que en su caso, son los regidores del PAN y PRD los que est\u00e1n violentado los principios de sus partidos.<\/p>\n<p>De hecho, se\u00f1al\u00f3 que en los pr\u00f3ximos d\u00edas refrendar\u00e1 su compromiso con uno los partidos que la postularon en este caso, el PRD, al integrarse a la mesa directiva de la Asociaci\u00f3n de Autoridades Locales de M\u00e9xico A.C. (AALMAC).<\/p>\n<p>Tampoco ve en el horizonte un posible \u201ccabildazo\u201d, pues si bien podr\u00edan unirse todos los regidores en su contra, a\u00fan deber\u00e1 de tomarse el parecer del pueblo.<\/p>\n<p><strong>Fuente: (Noticaribe)<\/strong><\/p>\n<div class='share-to-whatsapp-wrapper'><div class='share-on-whsp'>Share on: <\/div><a data-text='\u201cNO QUIEREN SALIR DE SU ZONA DE CONFORT\u201d: Cuestiona Perla Tun a los integrantes de su Cabildo por llevarle la contraria' data-link='https:\/\/visionpeninsular.com\/mid\/quieren-salir-zona-confort-cuestiona-perla-tun-a-los-integrantes-cabildo-llevarle-la-contraria\/' class='whatsapp-button whatsapp-share'>WhatsApp<\/a><div class='clear '><\/div><\/div>","protected":false},"excerpt":{"rendered":"<p>COZUMEL, MX.- Perla Tun no da su brazo a torcer, con todo y que se unieron en su contra \u00a0los regidores del PAN y PRD, que \u00a0la acompa\u00f1aron en la planilla al ayuntamiento de Cozumel y los concejales de la oposici\u00f3n \u2018rojiverde\u2019\u00a0\u00a0para reiterar el rechazo \u00a0su propuesta de \u00a0realizar otra sesi\u00f3n \u2018extramuros\u2019 del Palacio Municipal. &hellip;<\/p>\n","protected":false},"author":1,"featured_media":20666,"comment_status":"open","ping_status":"open","sticky":false,"template":"","format":"standard","meta":{"_mi_skip_tracking":false},"categories":[47],"tags":[1081],"_links":{"self":[{"href":"https:\/\/visionpeninsular.com\/mid\/wp-json\/wp\/v2\/posts\/20665"}],"collection":[{"href":"https:\/\/visionpeninsular.com\/mid\/wp-json\/wp\/v2\/posts"}],"about":[{"href":"https:\/\/visionpeninsular.com\/mid\/wp-json\/wp\/v2\/types\/post"}],"author":[{"embeddable":true,"href":"https:\/\/visionpeninsular.com\/mid\/wp-json\/wp\/v2\/users\/1"}],"replies":[{"embeddable":true,"href":"https:\/\/visionpeninsular.com\/mid\/wp-json\/wp\/v2\/comments?post=20665"}],"version-history":[{"count":1,"href":"https:\/\/visionpeninsular.com\/mid\/wp-json\/wp\/v2\/posts\/20665\/revisions"}],"predecessor-version":[{"id":20667,"href":"https:\/\/visionpeninsular.com\/mid\/wp-json\/wp\/v2\/posts\/20665\/revisions\/20667"}],"wp:featuredmedia":[{"embeddable":true,"href":"https:\/\/visionpeninsular.com\/mid\/wp-json\/wp\/v2\/media\/20666"}],"wp:attachment":[{"href":"https:\/\/visionpeninsular.com\/mid\/wp-json\/wp\/v2\/media?parent=20665"}],"wp:term":[{"taxonomy":"category","embeddable":true,"href":"https:\/\/visionpeninsular.com\/mid\/wp-json\/wp\/v2\/categories?post=20665"},{"taxonomy":"post_tag","embeddable":true,"href":"https:\/\/visionpeninsular.com\/mid\/wp-json\/wp\/v2\/tags?post=20665"}],"curies":[{"name":"wp","href":"https:\/\/api.w.org\/{rel}","templated":true}]}}