{"id":206443,"date":"2025-09-05T19:39:08","date_gmt":"2025-09-06T00:39:08","guid":{"rendered":"https:\/\/visionpeninsular.com\/mid\/?p=206443"},"modified":"2025-09-05T19:39:12","modified_gmt":"2025-09-06T00:39:12","slug":"feria-de-la-ilustracion-y-la-historieta-2025-en-merida","status":"publish","type":"post","link":"https:\/\/visionpeninsular.com\/mid\/feria-de-la-ilustracion-y-la-historieta-2025-en-merida\/","title":{"rendered":"Feria de la Ilustraci\u00f3n y la Historieta 2025 en M\u00e9rida"},"content":{"rendered":"\n<p>M\u00e9rida, 5 de septiembre de 2025.- Todo est\u00e1 listo para el Encuentro de Ilustraci\u00f3n de la Feria de la Ilustraci\u00f3n e Historieta en M\u00e9xico (FIHM) 2025, que se llevar\u00e1 a cabo del 12 al 14 de septiembre en el Centro Cultural Jos\u00e9 Mart\u00ed, como parte de la Temporada Olimpo 2025.<\/p>\n\n\n\n<p>El evento, que recibi\u00f3 el Fondo Municipal para Creadores con Trayectoria 2025, reunir\u00e1 a ilustradores y creadores de Veracruz, Ciudad de M\u00e9xico, Quintana Roo, Campeche y Yucat\u00e1n, quienes presentar\u00e1n sus obras originales y compartir\u00e1n experiencias con el p\u00fablico.<\/p>\n\n\n\n<p>Ilustraci\u00f3n y c\u00f3mic como puente hacia la lectura<\/p>\n\n\n\n<p>Durante la presentaci\u00f3n, los ilustradores Erika Ortega y Beto Chi\u00f1as, fundadores de Sektch Comics, coincidieron en que el c\u00f3mic despierta la imaginaci\u00f3n, inspira la creatividad y representa una v\u00eda eficaz para acercar a los j\u00f3venes a la lectura.<\/p>\n\n\n\n<p>Por su parte, Rub\u00e9n Camilo Sol\u00eds Pacheco, coordinador del encuentro, subray\u00f3 que la ilustraci\u00f3n y la historieta son expresiones art\u00edsticas con calidad y trayectoria, y que eventos como \u00e9ste permiten visibilizar el trabajo de los creadores.<\/p>\n\n\n\n<p>Talleres y actividades para todas las edades<\/p>\n\n\n\n<p>El programa contempla Taller \u201cArte manga: de la idea a la creaci\u00f3n\u201d, impartido por Katya Ram\u00edrez \u201cPisky\u201d (Veracruz), dirigido a j\u00f3venes de 14 a 25 a\u00f1os; \u201cDibujo Colectivo de C\u00f3mic 4\u00d74\u201d, a cargo de Beto Chi\u00f1as y Erika Ortega, para ni\u00f1as y ni\u00f1os de 9 a 15 a\u00f1os, Taller de color en acuarela: detalles y efectos, con Anael\u00ed Arredondo (Sakus Art), de Campeche.<\/p>\n\n\n\n<p>Adem\u00e1s, habr\u00e1 exposici\u00f3n y venta de c\u00f3mics independientes desde $40 hasta $300 pesos, junto con stickers, posters y playeras. Tambi\u00e9n participar\u00e1 el Colectivo de Librer\u00edas Itinerantes de Yucat\u00e1n (COLIBRY), ofreciendo una selecci\u00f3n de libros y novelas ilustradas.<\/p>\n\n\n\n<p>Un espacio para el arte gr\u00e1fico en M\u00e9rida<\/p>\n\n\n\n<p>El Encuentro FIHM se ha consolidado en ocho ediciones como una plataforma para promover a ilustradores del sureste y del resto del pa\u00eds, generando nuevos p\u00fablicos y mayor inter\u00e9s en el arte gr\u00e1fico.<\/p>\n\n\n\n<p>Las actividades tendr\u00e1n acceso libre.<\/p>\n\n\n\n<p>Viernes 12 de septiembre: de 5 p.m. a 10 p.m.<\/p>\n\n\n\n<p>S\u00e1bado 13 y domingo 14: de 10 a.m. a 10 p.m.<\/p>\n\n\n\n<p>Para m\u00e1s informaci\u00f3n, los interesados pueden escribir a feruafihm@gmail.com o consultar las redes sociales de la Feria de la Ilustraci\u00f3n e Historieta en M\u00e9xico.<\/p>\n\n\n\n<p>El subdirector de Conservaci\u00f3n y Difusi\u00f3n Patrimonial, Josu\u00e9 Morelos Echeverr\u00eda, destac\u00f3 que desde el Ayuntamiento de M\u00e9rida que encabeza Cecilia Patr\u00f3n Laviada, se sigue apoyando a las diversas expresiones art\u00edsticas, como la ilustraci\u00f3n y la historieta, que fomentan la lectura y fortalecen la identidad cultural.<\/p>\n\n\n\n<p>La Temporada Olimpo 2025 continuar\u00e1 hasta diciembre con actividades y estrenos disponibles en <a href=\"http:\/\/www.merida.gob.mx\/cultura\">www.merida.gob.mx\/cultura<\/a>.<\/p>\n<div class='share-to-whatsapp-wrapper'><div class='share-on-whsp'>Share on: <\/div><a data-text='Feria de la Ilustraci\u00f3n y la Historieta 2025 en M\u00e9rida' data-link='https:\/\/visionpeninsular.com\/mid\/feria-de-la-ilustracion-y-la-historieta-2025-en-merida\/' class='whatsapp-button whatsapp-share'>WhatsApp<\/a><div class='clear '><\/div><\/div>","protected":false},"excerpt":{"rendered":"<p>M\u00e9rida, 5 de septiembre de 2025.- Todo est\u00e1 listo para el Encuentro de Ilustraci\u00f3n de la Feria de la Ilustraci\u00f3n e Historieta en M\u00e9xico (FIHM) 2025, que se llevar\u00e1 a cabo del 12 al 14 de septiembre en el Centro Cultural Jos\u00e9 Mart\u00ed, como parte de la Temporada Olimpo 2025. El evento, que recibi\u00f3 el &hellip;<\/p>\n","protected":false},"author":5,"featured_media":206445,"comment_status":"open","ping_status":"open","sticky":false,"template":"","format":"standard","meta":{"_mi_skip_tracking":false},"categories":[49,37],"tags":[41,5668,44748,50038,50037],"_links":{"self":[{"href":"https:\/\/visionpeninsular.com\/mid\/wp-json\/wp\/v2\/posts\/206443"}],"collection":[{"href":"https:\/\/visionpeninsular.com\/mid\/wp-json\/wp\/v2\/posts"}],"about":[{"href":"https:\/\/visionpeninsular.com\/mid\/wp-json\/wp\/v2\/types\/post"}],"author":[{"embeddable":true,"href":"https:\/\/visionpeninsular.com\/mid\/wp-json\/wp\/v2\/users\/5"}],"replies":[{"embeddable":true,"href":"https:\/\/visionpeninsular.com\/mid\/wp-json\/wp\/v2\/comments?post=206443"}],"version-history":[{"count":1,"href":"https:\/\/visionpeninsular.com\/mid\/wp-json\/wp\/v2\/posts\/206443\/revisions"}],"predecessor-version":[{"id":206446,"href":"https:\/\/visionpeninsular.com\/mid\/wp-json\/wp\/v2\/posts\/206443\/revisions\/206446"}],"wp:featuredmedia":[{"embeddable":true,"href":"https:\/\/visionpeninsular.com\/mid\/wp-json\/wp\/v2\/media\/206445"}],"wp:attachment":[{"href":"https:\/\/visionpeninsular.com\/mid\/wp-json\/wp\/v2\/media?parent=206443"}],"wp:term":[{"taxonomy":"category","embeddable":true,"href":"https:\/\/visionpeninsular.com\/mid\/wp-json\/wp\/v2\/categories?post=206443"},{"taxonomy":"post_tag","embeddable":true,"href":"https:\/\/visionpeninsular.com\/mid\/wp-json\/wp\/v2\/tags?post=206443"}],"curies":[{"name":"wp","href":"https:\/\/api.w.org\/{rel}","templated":true}]}}