{"id":206167,"date":"2025-08-21T17:26:15","date_gmt":"2025-08-21T22:26:15","guid":{"rendered":"https:\/\/visionpeninsular.com\/mid\/?p=206167"},"modified":"2025-08-21T17:26:18","modified_gmt":"2025-08-21T22:26:18","slug":"intensa-jornada-de-miercoles-ciudadano","status":"publish","type":"post","link":"https:\/\/visionpeninsular.com\/mid\/intensa-jornada-de-miercoles-ciudadano\/","title":{"rendered":"Intensa jornada de Mi\u00e9rcoles Ciudadano"},"content":{"rendered":"\n<ul><li><strong><em>En cada jornada de atenci\u00f3n ciudadana, cientos de familias adquieren un \u00e1rbol para una M\u00e9rida m\u00e1s verde: Cecilia Patr\u00f3n.<\/em><\/strong><\/li><\/ul>\n\n\n\n<p>M\u00e9rida, 21 agosto 2025.- &nbsp;En una intensa jornada de atenci\u00f3n a las y los meridanos, la presidenta municipal Cecilia Patr\u00f3n Laviada resalt\u00f3 el alcance del programa \u201cUna familia, un \u00e1rbol\u201d que cuentan con un m\u00f3dulo de adopci\u00f3n en cada Mi\u00e9rcoles Ciudadano en la que cientos de familias adquieren un ejemplar para contribuir a una M\u00e9rida m\u00e1s verde.<\/p>\n\n\n\n<p>\u201cEn cada ejercicio de atenci\u00f3n ciudadana, adem\u00e1s del acercamiento constante y apertura para dar soluciones, incentivamos permanentemente la adopci\u00f3n de \u00e1rboles, en la que cada familia pueda llevarse consigo y plantar en su hogar una especie frutal, floral o de ornato que pueda sumarse a que tengamos cada d\u00eda una ciudad m\u00e1s arbolada y m\u00e1s verde\u201d, declar\u00f3 la alcaldesa.<\/p>\n\n\n\n<p>La mun\u00edcipe tambi\u00e9n agreg\u00f3 que parte de esta estrategia municipal busca incrementar la infraestructura verde en la ciudad y sus comisar\u00edas a trav\u00e9s de la participaci\u00f3n activa de las y los meridanos, buscando que haya una mayor cobertura arb\u00f3rea desde los hogares y ayudando a disminuir la temperatura de la ciudad, creando ecosistemas sustentables y mejorando la calidad de aire.<\/p>\n\n\n\n<figure class=\"wp-block-image size-full\"><img loading=\"lazy\" width=\"600\" height=\"399\" src=\"https:\/\/visionpeninsular.com\/mid\/wp-content\/uploads\/2025\/08\/ceci-ciudadanas.jpg\" alt=\"\" class=\"wp-image-206170\" srcset=\"https:\/\/visionpeninsular.com\/mid\/wp-content\/uploads\/2025\/08\/ceci-ciudadanas.jpg 600w, https:\/\/visionpeninsular.com\/mid\/wp-content\/uploads\/2025\/08\/ceci-ciudadanas-300x200.jpg 300w, https:\/\/visionpeninsular.com\/mid\/wp-content\/uploads\/2025\/08\/ceci-ciudadanas-310x205.jpg 310w\" sizes=\"(max-width: 600px) 100vw, 600px\" \/><\/figure>\n\n\n\n<p>En lo que va de la administraci\u00f3n se han dado en adopci\u00f3n m\u00e1s de 44 mil \u00e1rboles mediante diversos programas y actividades del Ayuntamiento de M\u00e9rida llevando los m\u00f3dulos a los Mega Operativos de Limpieza, Ferias M\u00e9rida te Cuida, Alcaldesa en tu Escuela, actividades de M\u00e9rida me Motiva y de forma permanente a trav\u00e9s de la Direcci\u00f3n de Medio Ambiente y Bienestar Animal.<\/p>\n\n\n\n<p>Adem\u00e1s, en la edici\u00f3n 2025 de la Cruzada Forestal se super\u00f3 la meta con 10 mil 230 \u00e1rboles plantados en diferentes puntos como el Corredor Oriente que abarca a Pacabt\u00fan, Emilio Portes Gil, Vergel, Nueva Kukulk\u00e1n, Reparto Granjas; en el Corredor Brisas en los fraccionamientos de Pinos Norte y Las Brisas; en el Corredor de Caucel, as\u00ed como en los fraccionamientos Los H\u00e9roes, Las Am\u00e9ricas y avenidas principales de la ciudad.<\/p>\n\n\n\n<p>En esta jornada quincenal de Mi\u00e9rcoles Ciudadano se entregaron m\u00e1s de 100 arbolitos entre especies de florales como la campanita, makulis, caoba, x\u00b4kanlol, ram\u00f3n, y frutales como la naranja agria y el zapote.<\/p>\n\n\n\n<p>Cabe recordar que M\u00e9rida cuenta con m\u00e1s de 700 parques y \u00e1reas verdes, una reserva ecol\u00f3gica con alrededor 11 mil 900 hect\u00e1reas de superficie, y una infraestructura verde de 6.2 metros cuadrados por habitante, contando de esta forma con una importante base ambiental para impulsar cada estrategia que ayude a alcanzar las metas de ciudad m\u00e1s arbolada.<\/p>\n\n\n\n<figure class=\"wp-block-image size-full\"><img loading=\"lazy\" width=\"600\" height=\"400\" src=\"https:\/\/visionpeninsular.com\/mid\/wp-content\/uploads\/2025\/08\/ninoa-ambientalistas.jpg\" alt=\"\" class=\"wp-image-206171\" srcset=\"https:\/\/visionpeninsular.com\/mid\/wp-content\/uploads\/2025\/08\/ninoa-ambientalistas.jpg 600w, https:\/\/visionpeninsular.com\/mid\/wp-content\/uploads\/2025\/08\/ninoa-ambientalistas-300x200.jpg 300w\" sizes=\"(max-width: 600px) 100vw, 600px\" \/><\/figure>\n\n\n\n<p>Cecilia Patr\u00f3n reiter\u00f3 la invitaci\u00f3n a m\u00e1s familias meridanas a fortalecer su participaci\u00f3n en el cuidado del medio ambiente, externando que cuentan con gobierno municipal preocupado y ocupado en dejar un futuro a las siguientes generaciones con una ciudad m\u00e1s verde, sustentable y consiente de su entorno<\/p>\n\n\n\n<p>\u201cPorque as\u00ed se construyen las mejores ciudades, de la mano de la participaci\u00f3n ciudadana, de sumar voluntades cuidando el presente para un futuro mejor y m\u00e1s verde para todas y todos\u201d, indic\u00f3.<\/p>\n\n\n\n<p>Para adoptar un \u00e1rbol pueden comunicarse mediante arbolado.urbano@merida.gob.mx o al (999) 942 00 25 Ext. 81463. Tambi\u00e9n puedes acudir de lunes a viernes de 8:00 a.m. a 2:00 p.m. a la Unidad de Medio Ambiente y Bienestar Animal: calle 10 n\u00fam. 106 entre 23 y 25 Fraccionamiento Mulsay.<\/p>\n\n\n\n<p>#MeridaContigoEsMejor<\/p>\n<div class='share-to-whatsapp-wrapper'><div class='share-on-whsp'>Share on: <\/div><a data-text='Intensa jornada de Mi\u00e9rcoles Ciudadano' data-link='https:\/\/visionpeninsular.com\/mid\/intensa-jornada-de-miercoles-ciudadano\/' class='whatsapp-button whatsapp-share'>WhatsApp<\/a><div class='clear '><\/div><\/div>","protected":false},"excerpt":{"rendered":"<p>En cada jornada de atenci\u00f3n ciudadana, cientos de familias adquieren un \u00e1rbol para una M\u00e9rida m\u00e1s verde: Cecilia Patr\u00f3n. M\u00e9rida, 21 agosto 2025.- &nbsp;En una intensa jornada de atenci\u00f3n a las y los meridanos, la presidenta municipal Cecilia Patr\u00f3n Laviada resalt\u00f3 el alcance del programa \u201cUna familia, un \u00e1rbol\u201d que cuentan con un m\u00f3dulo de &hellip;<\/p>\n","protected":false},"author":5,"featured_media":206169,"comment_status":"open","ping_status":"open","sticky":false,"template":"","format":"standard","meta":{"_mi_skip_tracking":false},"categories":[49,37],"tags":[49883,41,5668,403],"_links":{"self":[{"href":"https:\/\/visionpeninsular.com\/mid\/wp-json\/wp\/v2\/posts\/206167"}],"collection":[{"href":"https:\/\/visionpeninsular.com\/mid\/wp-json\/wp\/v2\/posts"}],"about":[{"href":"https:\/\/visionpeninsular.com\/mid\/wp-json\/wp\/v2\/types\/post"}],"author":[{"embeddable":true,"href":"https:\/\/visionpeninsular.com\/mid\/wp-json\/wp\/v2\/users\/5"}],"replies":[{"embeddable":true,"href":"https:\/\/visionpeninsular.com\/mid\/wp-json\/wp\/v2\/comments?post=206167"}],"version-history":[{"count":1,"href":"https:\/\/visionpeninsular.com\/mid\/wp-json\/wp\/v2\/posts\/206167\/revisions"}],"predecessor-version":[{"id":206172,"href":"https:\/\/visionpeninsular.com\/mid\/wp-json\/wp\/v2\/posts\/206167\/revisions\/206172"}],"wp:featuredmedia":[{"embeddable":true,"href":"https:\/\/visionpeninsular.com\/mid\/wp-json\/wp\/v2\/media\/206169"}],"wp:attachment":[{"href":"https:\/\/visionpeninsular.com\/mid\/wp-json\/wp\/v2\/media?parent=206167"}],"wp:term":[{"taxonomy":"category","embeddable":true,"href":"https:\/\/visionpeninsular.com\/mid\/wp-json\/wp\/v2\/categories?post=206167"},{"taxonomy":"post_tag","embeddable":true,"href":"https:\/\/visionpeninsular.com\/mid\/wp-json\/wp\/v2\/tags?post=206167"}],"curies":[{"name":"wp","href":"https:\/\/api.w.org\/{rel}","templated":true}]}}