{"id":205936,"date":"2025-08-15T17:36:16","date_gmt":"2025-08-15T22:36:16","guid":{"rendered":"https:\/\/visionpeninsular.com\/mid\/?p=205936"},"modified":"2025-08-15T17:36:22","modified_gmt":"2025-08-15T22:36:22","slug":"merida-primera-ciudad-en-mexico-reconocida-como-ciudad-por-el-comercio-justo","status":"publish","type":"post","link":"https:\/\/visionpeninsular.com\/mid\/merida-primera-ciudad-en-mexico-reconocida-como-ciudad-por-el-comercio-justo\/","title":{"rendered":"M\u00e9rida, primera ciudad en M\u00e9xico reconocida como \u201cCiudad por el Comercio Justo\u201d"},"content":{"rendered":"\n<p>M\u00e9rida, 15 de agosto, 2025.- La capital yucateca marc\u00f3 un precedente hist\u00f3rico al convertirse en la primera ciudad de M\u00e9xico en recibir el distintivo \u201cCiudad por el Comercio Justo\u201d, reconocimiento que promueve la equidad, la justicia social y el consumo responsable.<\/p>\n\n\n\n<p>La alcaldesa Cecilia Patr\u00f3n Laviada encabez\u00f3 la instalaci\u00f3n del Comit\u00e9 Municipal de Comercio Justo y Prosperidad, con el objetivo de construir una econom\u00eda que empodere a los productores, valore la tierra y garantice beneficios para toda la comunidad.<\/p>\n\n\n\n<p>\u201cEl comercio justo que proponemos es un ganar-ganar para todas y todos. Es comprar de forma justa para que m\u00e1s familias vivan con dignidad. Es respetar el trabajo de la gente, valorar nuestra tierra y consumir de forma responsable\u201d, expres\u00f3 la presidenta municipal.<\/p>\n\n\n\n<figure class=\"wp-block-image size-full\"><img loading=\"lazy\" width=\"600\" height=\"400\" src=\"https:\/\/visionpeninsular.com\/mid\/wp-content\/uploads\/2025\/08\/comercio-justo.jpg\" alt=\"\" class=\"wp-image-205939\" srcset=\"https:\/\/visionpeninsular.com\/mid\/wp-content\/uploads\/2025\/08\/comercio-justo.jpg 600w, https:\/\/visionpeninsular.com\/mid\/wp-content\/uploads\/2025\/08\/comercio-justo-300x200.jpg 300w\" sizes=\"(max-width: 600px) 100vw, 600px\" \/><\/figure>\n\n\n\n<p>Durante la ceremonia, los integrantes del comit\u00e9 firmaron los 10 principios del comercio justo, que incluyen:<\/p>\n\n\n\n<ul><li>Generar oportunidades para organizaciones productoras marginadas.<\/li><li>Transparencia y responsabilidad.<\/li><li>Pr\u00e1cticas comerciales y pago justo.<\/li><li>Erradicaci\u00f3n del trabajo infantil y forzoso.<\/li><li>No discriminaci\u00f3n, equidad de g\u00e9nero y empoderamiento econ\u00f3mico de las mujeres.<\/li><li>Libertad de asociaci\u00f3n y condiciones laborales dignas.<\/li><li>Desarrollo de capacidades y promoci\u00f3n del comercio justo.<\/li><li>Acci\u00f3n clim\u00e1tica y protecci\u00f3n ambiental.<\/li><\/ul>\n\n\n\n<p>El distintivo coloca a M\u00e9rida como referente nacional en pol\u00edticas p\u00fablicas para impulsar un modelo econ\u00f3mico m\u00e1s justo, inclusivo y sostenible.<\/p>\n\n\n\n<p>Entre los asistentes destacaron: Claudia Gonz\u00e1lez G\u00f3ngora, presidenta del Consejo Coordinador Empresarial; Zury Shaday Hern\u00e1ndez Castillo, representante de la Secretar\u00eda de Econom\u00eda y Trabajo de Yucat\u00e1n; Paulina Gonz\u00e1lez J\u00e1uregui, directora Adjunta de Fundaci\u00f3n Haciendas del Mundo Maya; Miguel \u00c1ngel Mungu\u00eda Gil, director general de Educe Cooperativa y presidente de la Red Miel de CLAC; \u00c1ngel Lendechy Grajales, del Centro de Investigaciones Regionales Dr. Hideyo Noguchi; as\u00ed como regidores, representantes de c\u00e1maras empresariales, instituciones acad\u00e9micas y organizaciones de la sociedad civil.<\/p>\n<div class='share-to-whatsapp-wrapper'><div class='share-on-whsp'>Share on: <\/div><a data-text='M\u00e9rida, primera ciudad en M\u00e9xico reconocida como \u201cCiudad por el Comercio Justo\u201d' data-link='https:\/\/visionpeninsular.com\/mid\/merida-primera-ciudad-en-mexico-reconocida-como-ciudad-por-el-comercio-justo\/' class='whatsapp-button whatsapp-share'>WhatsApp<\/a><div class='clear '><\/div><\/div>","protected":false},"excerpt":{"rendered":"<p>M\u00e9rida, 15 de agosto, 2025.- La capital yucateca marc\u00f3 un precedente hist\u00f3rico al convertirse en la primera ciudad de M\u00e9xico en recibir el distintivo \u201cCiudad por el Comercio Justo\u201d, reconocimiento que promueve la equidad, la justicia social y el consumo responsable. La alcaldesa Cecilia Patr\u00f3n Laviada encabez\u00f3 la instalaci\u00f3n del Comit\u00e9 Municipal de Comercio Justo &hellip;<\/p>\n","protected":false},"author":5,"featured_media":205938,"comment_status":"open","ping_status":"open","sticky":false,"template":"","format":"standard","meta":{"_mi_skip_tracking":false},"categories":[49,37],"tags":[41,5668,49772,49771],"_links":{"self":[{"href":"https:\/\/visionpeninsular.com\/mid\/wp-json\/wp\/v2\/posts\/205936"}],"collection":[{"href":"https:\/\/visionpeninsular.com\/mid\/wp-json\/wp\/v2\/posts"}],"about":[{"href":"https:\/\/visionpeninsular.com\/mid\/wp-json\/wp\/v2\/types\/post"}],"author":[{"embeddable":true,"href":"https:\/\/visionpeninsular.com\/mid\/wp-json\/wp\/v2\/users\/5"}],"replies":[{"embeddable":true,"href":"https:\/\/visionpeninsular.com\/mid\/wp-json\/wp\/v2\/comments?post=205936"}],"version-history":[{"count":1,"href":"https:\/\/visionpeninsular.com\/mid\/wp-json\/wp\/v2\/posts\/205936\/revisions"}],"predecessor-version":[{"id":205940,"href":"https:\/\/visionpeninsular.com\/mid\/wp-json\/wp\/v2\/posts\/205936\/revisions\/205940"}],"wp:featuredmedia":[{"embeddable":true,"href":"https:\/\/visionpeninsular.com\/mid\/wp-json\/wp\/v2\/media\/205938"}],"wp:attachment":[{"href":"https:\/\/visionpeninsular.com\/mid\/wp-json\/wp\/v2\/media?parent=205936"}],"wp:term":[{"taxonomy":"category","embeddable":true,"href":"https:\/\/visionpeninsular.com\/mid\/wp-json\/wp\/v2\/categories?post=205936"},{"taxonomy":"post_tag","embeddable":true,"href":"https:\/\/visionpeninsular.com\/mid\/wp-json\/wp\/v2\/tags?post=205936"}],"curies":[{"name":"wp","href":"https:\/\/api.w.org\/{rel}","templated":true}]}}