{"id":205931,"date":"2025-08-15T17:23:44","date_gmt":"2025-08-15T22:23:44","guid":{"rendered":"https:\/\/visionpeninsular.com\/mid\/?p=205931"},"modified":"2025-08-15T17:23:48","modified_gmt":"2025-08-15T22:23:48","slug":"merida-cuenta-con-dos-nuevos-cronistas","status":"publish","type":"post","link":"https:\/\/visionpeninsular.com\/mid\/merida-cuenta-con-dos-nuevos-cronistas\/","title":{"rendered":"M\u00e9rida cuenta con dos nuevos cronistas"},"content":{"rendered":"\n<p>M\u00e9rida, 15 de agosto, 2025.- Encabezada por la alcaldesa Cecilia Patr\u00f3n Laviada, la ma\u00f1ana de este d\u00eda se llev\u00f3 a cabo la sesi\u00f3n ordinaria de cabildo, durante la cual fueron designados como Cronistas de la Ciudad de M\u00e9rida, los doctores &nbsp;Jorge Cort\u00e9s Ancona y Jorge Victoria Ojeda.<\/p>\n\n\n\n<p>La sesi\u00f3n se llev\u00f3 a cabo en el&nbsp; Sal\u00f3n de Cabildo \u201cProfra, Rosa Torre Gonz\u00e1lez\u201d, del propio Palacio Municipal.<\/p>\n\n\n\n<p>Ambos profesionistas fueron presentados &nbsp;ante los regidores, quienes despu\u00e9s de la lectura de la respectiva curr\u00edcula, emitieron su voto por unanimidad para ser elegidos al cargo, quienes tras la designaci\u00f3n, se comprometieron a mantener el legado hist\u00f3rico y de tradiciones de la Ciudad.<\/p>\n\n\n\n<p>&nbsp;Los doctores Cort\u00e9s Ancona y Victoria Ojeda, se suman a don Gonzalo Navarrete Mu\u00f1oz, quien ya hab\u00eda quedado solo como cronista de la Ciudad, tras el fallecimiento de los otros cronistas que conformaban el equipo.<\/p>\n\n\n\n<p>Cabe destacar que en la sesi\u00f3n de Cabildo realizada este 15 de agosto de 2025, la alcaldesa propuso que la pr\u00f3xima convocatoria sea para mujeres cronistas.<\/p>\n\n\n\n<p><strong>Semblanza de los nuevos cronistas<\/strong><\/p>\n\n\n\n<figure class=\"wp-block-image size-full\"><img loading=\"lazy\" width=\"600\" height=\"399\" src=\"https:\/\/visionpeninsular.com\/mid\/wp-content\/uploads\/2025\/08\/jorge-victoria.jpg\" alt=\"\" class=\"wp-image-205933\" srcset=\"https:\/\/visionpeninsular.com\/mid\/wp-content\/uploads\/2025\/08\/jorge-victoria.jpg 600w, https:\/\/visionpeninsular.com\/mid\/wp-content\/uploads\/2025\/08\/jorge-victoria-300x200.jpg 300w, https:\/\/visionpeninsular.com\/mid\/wp-content\/uploads\/2025\/08\/jorge-victoria-310x205.jpg 310w\" sizes=\"(max-width: 600px) 100vw, 600px\" \/><\/figure>\n\n\n\n<p><strong>Jorge Victoria Ojeda<\/strong>. Es doctor en Antropolog\u00eda por la UNAM y en Historia por la Universidad Jaume I de Castell\u00f3n, Espa\u00f1a.<\/p>\n\n\n\n<p>Labora en la Unidad de Ciencias Sociales del Centro de Investigaciones Regionales de la Universidad Aut\u00f3noma de Yucat\u00e1n. Pertenece al Sistema Nacional de Investigadores del Conacyt y forma parte del Grupo de Evaluadores Nacionales de esa Instituci\u00f3n.<\/p>\n\n\n\n<p>Es especialista en pirater\u00eda y arquitectura militar colonial, de la presencia africana en la Pen\u00ednsula y de otros aspectos de la cultura maya peninsular.<\/p>\n\n\n\n<p>Ha publicado quince libros y numerosos art\u00edculos en M\u00e9xico y el extranjero; y recibido varios premios por sus investigaciones.<\/p>\n\n\n\n<figure class=\"wp-block-image size-full\"><img loading=\"lazy\" width=\"400\" height=\"364\" src=\"https:\/\/visionpeninsular.com\/mid\/wp-content\/uploads\/2025\/08\/cortes-ancona.jpg\" alt=\"\" class=\"wp-image-205934\" srcset=\"https:\/\/visionpeninsular.com\/mid\/wp-content\/uploads\/2025\/08\/cortes-ancona.jpg 400w, https:\/\/visionpeninsular.com\/mid\/wp-content\/uploads\/2025\/08\/cortes-ancona-300x273.jpg 300w\" sizes=\"(max-width: 400px) 100vw, 400px\" \/><\/figure>\n\n\n\n<p><strong>Jorge Cort\u00e9s Ancona<\/strong>. Es doctor en Literatura con enfoque en Estudios Culturales por la Universidad de Sevilla.<\/p>\n\n\n\n<p>Ha sido docente y funcionario p\u00fablico en el \u00e1rea de la literatura. Publica art\u00edculos en la prensa y es autor de varios libros. En 2022 fue galardonado con la Medalla al Periodismo Cultural \u201cOswaldo Baqueiro L\u00f3pez\u201d.<\/p>\n<div class='share-to-whatsapp-wrapper'><div class='share-on-whsp'>Share on: <\/div><a data-text='M\u00e9rida cuenta con dos nuevos cronistas' data-link='https:\/\/visionpeninsular.com\/mid\/merida-cuenta-con-dos-nuevos-cronistas\/' class='whatsapp-button whatsapp-share'>WhatsApp<\/a><div class='clear '><\/div><\/div>","protected":false},"excerpt":{"rendered":"<p>M\u00e9rida, 15 de agosto, 2025.- Encabezada por la alcaldesa Cecilia Patr\u00f3n Laviada, la ma\u00f1ana de este d\u00eda se llev\u00f3 a cabo la sesi\u00f3n ordinaria de cabildo, durante la cual fueron designados como Cronistas de la Ciudad de M\u00e9rida, los doctores &nbsp;Jorge Cort\u00e9s Ancona y Jorge Victoria Ojeda. La sesi\u00f3n se llev\u00f3 a cabo en el&nbsp; &hellip;<\/p>\n","protected":false},"author":5,"featured_media":205453,"comment_status":"open","ping_status":"open","sticky":false,"template":"","format":"standard","meta":{"_mi_skip_tracking":false},"categories":[49,37],"tags":[41,5668,49769,32756,49770],"_links":{"self":[{"href":"https:\/\/visionpeninsular.com\/mid\/wp-json\/wp\/v2\/posts\/205931"}],"collection":[{"href":"https:\/\/visionpeninsular.com\/mid\/wp-json\/wp\/v2\/posts"}],"about":[{"href":"https:\/\/visionpeninsular.com\/mid\/wp-json\/wp\/v2\/types\/post"}],"author":[{"embeddable":true,"href":"https:\/\/visionpeninsular.com\/mid\/wp-json\/wp\/v2\/users\/5"}],"replies":[{"embeddable":true,"href":"https:\/\/visionpeninsular.com\/mid\/wp-json\/wp\/v2\/comments?post=205931"}],"version-history":[{"count":1,"href":"https:\/\/visionpeninsular.com\/mid\/wp-json\/wp\/v2\/posts\/205931\/revisions"}],"predecessor-version":[{"id":205935,"href":"https:\/\/visionpeninsular.com\/mid\/wp-json\/wp\/v2\/posts\/205931\/revisions\/205935"}],"wp:featuredmedia":[{"embeddable":true,"href":"https:\/\/visionpeninsular.com\/mid\/wp-json\/wp\/v2\/media\/205453"}],"wp:attachment":[{"href":"https:\/\/visionpeninsular.com\/mid\/wp-json\/wp\/v2\/media?parent=205931"}],"wp:term":[{"taxonomy":"category","embeddable":true,"href":"https:\/\/visionpeninsular.com\/mid\/wp-json\/wp\/v2\/categories?post=205931"},{"taxonomy":"post_tag","embeddable":true,"href":"https:\/\/visionpeninsular.com\/mid\/wp-json\/wp\/v2\/tags?post=205931"}],"curies":[{"name":"wp","href":"https:\/\/api.w.org\/{rel}","templated":true}]}}