{"id":205918,"date":"2025-08-15T15:38:33","date_gmt":"2025-08-15T20:38:33","guid":{"rendered":"https:\/\/visionpeninsular.com\/mid\/?p=205918"},"modified":"2025-08-15T15:38:39","modified_gmt":"2025-08-15T20:38:39","slug":"merida-refuerza-su-plan-de-accion-como-ciudad-del-aprendizaje","status":"publish","type":"post","link":"https:\/\/visionpeninsular.com\/mid\/merida-refuerza-su-plan-de-accion-como-ciudad-del-aprendizaje\/","title":{"rendered":"M\u00e9rida refuerza su Plan de Acci\u00f3n como Ciudad del Aprendizaje"},"content":{"rendered":"\n<p>M\u00e9rida, 15 de agosto, 2025.- Con el compromiso de impulsar el conocimiento como herramienta para el desarrollo comunitario y el aprendizaje a lo largo de la vida, especialistas y representantes de diversas instituciones participaron en una sesi\u00f3n de trabajo para actualizar el Plan de Acci\u00f3n de M\u00e9rida Ciudad del Aprendizaje.<\/p>\n\n\n\n<p>Durante el encuentro, Adri\u00e1n Hern\u00e1ndez Coyotl, coordinador T\u00e9cnico de Ciudades del Aprendizaje de M\u00e9xico y Latinoam\u00e9rica, present\u00f3 tres ejes rectores para esta etapa: Ciudad equitativa e inclusiva, Ciudad con trabajo digno y esp\u00edritu emprendedor, y Ciudad verde y saludable. Record\u00f3 que en 2021 se realiz\u00f3 un diagn\u00f3stico integral que dio origen al Plan de Acci\u00f3n 2023, pero que el crecimiento y cambios en la capital yucateca hacen necesaria su actualizaci\u00f3n.<\/p>\n\n\n\n<figure class=\"wp-block-image size-full\"><img loading=\"lazy\" width=\"600\" height=\"367\" src=\"https:\/\/visionpeninsular.com\/mid\/wp-content\/uploads\/2025\/08\/m\u00b4rida-unesco.jpg\" alt=\"\" class=\"wp-image-205921\" srcset=\"https:\/\/visionpeninsular.com\/mid\/wp-content\/uploads\/2025\/08\/m\u00b4rida-unesco.jpg 600w, https:\/\/visionpeninsular.com\/mid\/wp-content\/uploads\/2025\/08\/m\u00b4rida-unesco-300x184.jpg 300w\" sizes=\"(max-width: 600px) 100vw, 600px\" \/><\/figure>\n\n\n\n<p>En la sesi\u00f3n tambi\u00e9n particip\u00f3 Luis Gonz\u00e1lez Arenal, coordinador Ejecutivo de la Red de Ciudades de Aprendizaje de M\u00e9xico, quien destac\u00f3 que M\u00e9rida avanza de manera ejemplar y es referencia nacional e internacional, aunque identific\u00f3 \u00e1reas de oportunidad para reforzar el trabajo colaborativo. \u201cLa seguridad, el aprendizaje y la cultura son plataformas sobre las que se construye todo lo dem\u00e1s\u201d, afirm\u00f3.<\/p>\n\n\n\n<p><strong>Puntos de aprendizaje en colonias<\/strong><\/p>\n\n\n\n<p>Representantes de Fab Lab Yucat\u00e1n, Hunab Proyecto de Vida A.C., UADY, Museo de la Luz M\u00e9rida, SEGEY y diversas direcciones del Ayuntamiento, como Bienestar Humano, Identidad y Cultura, Prosperidad y Bienestar, DIF M\u00e9rida y el Instituto Municipal para el Fortalecimiento de la Cultura Maya, compartieron propuestas que incluyen mayor atenci\u00f3n a infancias y juventudes, vinculaci\u00f3n de grupos vulnerables, creaci\u00f3n de puntos de aprendizaje en colonias y la promoci\u00f3n de servicios en lengua maya.<\/p>\n\n\n\n<p>Los acuerdos y propuestas derivadas de esta jornada se integrar\u00e1n en la nueva versi\u00f3n del Plan de Acci\u00f3n, que buscar\u00e1 sumar la colaboraci\u00f3n de asociaciones, empresas y grupos organizados locales y globales, para multiplicar el impacto.<\/p>\n\n\n\n<p>M\u00e9rida recibi\u00f3 la designaci\u00f3n de Ciudad del Aprendizaje por la UNESCO el 14 de febrero de 2024, integr\u00e1ndose a una red de 359 ciudades en 79 pa\u00edses comprometidas con la educaci\u00f3n inclusiva y permanente.<\/p>\n<div class='share-to-whatsapp-wrapper'><div class='share-on-whsp'>Share on: <\/div><a data-text='M\u00e9rida refuerza su Plan de Acci\u00f3n como Ciudad del Aprendizaje' data-link='https:\/\/visionpeninsular.com\/mid\/merida-refuerza-su-plan-de-accion-como-ciudad-del-aprendizaje\/' class='whatsapp-button whatsapp-share'>WhatsApp<\/a><div class='clear '><\/div><\/div>","protected":false},"excerpt":{"rendered":"<p>M\u00e9rida, 15 de agosto, 2025.- Con el compromiso de impulsar el conocimiento como herramienta para el desarrollo comunitario y el aprendizaje a lo largo de la vida, especialistas y representantes de diversas instituciones participaron en una sesi\u00f3n de trabajo para actualizar el Plan de Acci\u00f3n de M\u00e9rida Ciudad del Aprendizaje. Durante el encuentro, Adri\u00e1n Hern\u00e1ndez &hellip;<\/p>\n","protected":false},"author":5,"featured_media":205920,"comment_status":"open","ping_status":"open","sticky":false,"template":"","format":"standard","meta":{"_mi_skip_tracking":false},"categories":[49,37],"tags":[41,5668,49764,1382],"_links":{"self":[{"href":"https:\/\/visionpeninsular.com\/mid\/wp-json\/wp\/v2\/posts\/205918"}],"collection":[{"href":"https:\/\/visionpeninsular.com\/mid\/wp-json\/wp\/v2\/posts"}],"about":[{"href":"https:\/\/visionpeninsular.com\/mid\/wp-json\/wp\/v2\/types\/post"}],"author":[{"embeddable":true,"href":"https:\/\/visionpeninsular.com\/mid\/wp-json\/wp\/v2\/users\/5"}],"replies":[{"embeddable":true,"href":"https:\/\/visionpeninsular.com\/mid\/wp-json\/wp\/v2\/comments?post=205918"}],"version-history":[{"count":1,"href":"https:\/\/visionpeninsular.com\/mid\/wp-json\/wp\/v2\/posts\/205918\/revisions"}],"predecessor-version":[{"id":205922,"href":"https:\/\/visionpeninsular.com\/mid\/wp-json\/wp\/v2\/posts\/205918\/revisions\/205922"}],"wp:featuredmedia":[{"embeddable":true,"href":"https:\/\/visionpeninsular.com\/mid\/wp-json\/wp\/v2\/media\/205920"}],"wp:attachment":[{"href":"https:\/\/visionpeninsular.com\/mid\/wp-json\/wp\/v2\/media?parent=205918"}],"wp:term":[{"taxonomy":"category","embeddable":true,"href":"https:\/\/visionpeninsular.com\/mid\/wp-json\/wp\/v2\/categories?post=205918"},{"taxonomy":"post_tag","embeddable":true,"href":"https:\/\/visionpeninsular.com\/mid\/wp-json\/wp\/v2\/tags?post=205918"}],"curies":[{"name":"wp","href":"https:\/\/api.w.org\/{rel}","templated":true}]}}