{"id":205815,"date":"2025-08-12T18:25:46","date_gmt":"2025-08-12T23:25:46","guid":{"rendered":"https:\/\/visionpeninsular.com\/mid\/?p=205815"},"modified":"2025-08-12T18:25:49","modified_gmt":"2025-08-12T23:25:49","slug":"sedeculta-convoca-al-premio-estatal-de-poesia-en-lengua-maya","status":"publish","type":"post","link":"https:\/\/visionpeninsular.com\/mid\/sedeculta-convoca-al-premio-estatal-de-poesia-en-lengua-maya\/","title":{"rendered":"SEDECULTA convoca al  Premio Estatal de Poes\u00eda en Lengua Maya"},"content":{"rendered":"\n<p>M\u00e9rida, 12 de agosto de 2025.\u2013 La Secretar\u00eda de la Cultura y las Artes (Sedeculta) emiti\u00f3 la convocatoria para la primera edici\u00f3n del Premio Estatal de Poes\u00eda en Lengua Maya \u201cIsaac Carrillo Can\u201d, con el objetivo de fomentar la creaci\u00f3n literaria en Maaya t\u2019aan y honrar la memoria de uno de los m\u00e1s reconocidos poetas yucatecos.<\/p>\n\n\n\n<p>La iniciativa forma parte de las pol\u00edticas p\u00fablicas que buscan garantizar los derechos ling\u00fc\u00edsticos de los pueblos originarios, promover la transmisi\u00f3n de la lengua y fortalecer su presencia en expresiones art\u00edsticas como la narrativa y la poes\u00eda.<\/p>\n\n\n\n<p>El premio rinde homenaje a Isaac Carrillo Can, galardonado en 2010 con el Premio Nezahualc\u00f3yotl de Literatura en Lenguas Mexicanas, distinci\u00f3n considerada una de las m\u00e1s importantes para la escritura en idiomas originarios en Am\u00e9rica Latina.<\/p>\n\n\n\n<p>Podr\u00e1n participar escritoras y escritores mayores de edad con obra in\u00e9dita escrita originalmente en lengua maya, con extensi\u00f3n m\u00ednima de 50 p\u00e1ginas y m\u00e1xima de 80, sin contar portada. El jurado estar\u00e1 conformado por especialistas y acad\u00e9micos hablantes de Maaya t\u2019aan, cuyos nombres se dar\u00e1n a conocer junto con el fallo.<\/p>\n\n\n\n<p>El resultado se publicar\u00e1 el 7 de noviembre y la premiaci\u00f3n se llevar\u00e1 a cabo el 23 de noviembre en M\u00e9rida. La persona ganadora recibir\u00e1 un \u00fanico premio de $25,000 pesos; en caso de radicar en otro municipio, Sedeculta cubrir\u00e1 transporte y hospedaje.<\/p>\n\n\n\n<p>Las bases completas se encuentran disponibles en el portal oficial cultura.yucatan.gob.mx y en las redes sociales de la dependencia.<\/p>\n<div class='share-to-whatsapp-wrapper'><div class='share-on-whsp'>Share on: <\/div><a data-text='SEDECULTA convoca al  Premio Estatal de Poes\u00eda en Lengua Maya' data-link='https:\/\/visionpeninsular.com\/mid\/sedeculta-convoca-al-premio-estatal-de-poesia-en-lengua-maya\/' class='whatsapp-button whatsapp-share'>WhatsApp<\/a><div class='clear '><\/div><\/div>","protected":false},"excerpt":{"rendered":"<p>M\u00e9rida, 12 de agosto de 2025.\u2013 La Secretar\u00eda de la Cultura y las Artes (Sedeculta) emiti\u00f3 la convocatoria para la primera edici\u00f3n del Premio Estatal de Poes\u00eda en Lengua Maya \u201cIsaac Carrillo Can\u201d, con el objetivo de fomentar la creaci\u00f3n literaria en Maaya t\u2019aan y honrar la memoria de uno de los m\u00e1s reconocidos poetas &hellip;<\/p>\n","protected":false},"author":5,"featured_media":205817,"comment_status":"open","ping_status":"open","sticky":false,"template":"","format":"standard","meta":{"_mi_skip_tracking":false},"categories":[49,37],"tags":[3699,185,49713,1557],"_links":{"self":[{"href":"https:\/\/visionpeninsular.com\/mid\/wp-json\/wp\/v2\/posts\/205815"}],"collection":[{"href":"https:\/\/visionpeninsular.com\/mid\/wp-json\/wp\/v2\/posts"}],"about":[{"href":"https:\/\/visionpeninsular.com\/mid\/wp-json\/wp\/v2\/types\/post"}],"author":[{"embeddable":true,"href":"https:\/\/visionpeninsular.com\/mid\/wp-json\/wp\/v2\/users\/5"}],"replies":[{"embeddable":true,"href":"https:\/\/visionpeninsular.com\/mid\/wp-json\/wp\/v2\/comments?post=205815"}],"version-history":[{"count":1,"href":"https:\/\/visionpeninsular.com\/mid\/wp-json\/wp\/v2\/posts\/205815\/revisions"}],"predecessor-version":[{"id":205818,"href":"https:\/\/visionpeninsular.com\/mid\/wp-json\/wp\/v2\/posts\/205815\/revisions\/205818"}],"wp:featuredmedia":[{"embeddable":true,"href":"https:\/\/visionpeninsular.com\/mid\/wp-json\/wp\/v2\/media\/205817"}],"wp:attachment":[{"href":"https:\/\/visionpeninsular.com\/mid\/wp-json\/wp\/v2\/media?parent=205815"}],"wp:term":[{"taxonomy":"category","embeddable":true,"href":"https:\/\/visionpeninsular.com\/mid\/wp-json\/wp\/v2\/categories?post=205815"},{"taxonomy":"post_tag","embeddable":true,"href":"https:\/\/visionpeninsular.com\/mid\/wp-json\/wp\/v2\/tags?post=205815"}],"curies":[{"name":"wp","href":"https:\/\/api.w.org\/{rel}","templated":true}]}}