{"id":205809,"date":"2025-08-12T18:10:56","date_gmt":"2025-08-12T23:10:56","guid":{"rendered":"https:\/\/visionpeninsular.com\/mid\/?p=205809"},"modified":"2025-08-12T18:11:00","modified_gmt":"2025-08-12T23:11:00","slug":"merida-y-comunidad-coreana-conmemoran-lazos-historicos-con-homenaje-a-la-escuela-sungmu","status":"publish","type":"post","link":"https:\/\/visionpeninsular.com\/mid\/merida-y-comunidad-coreana-conmemoran-lazos-historicos-con-homenaje-a-la-escuela-sungmu\/","title":{"rendered":"M\u00e9rida y comunidad coreana conmemoran lazos hist\u00f3ricos con homenaje a la Escuela Sungmu"},"content":{"rendered":"\n<p>M\u00e9rida, 12 de agosto, 2025.- En un acto de reconocimiento y fraternidad, el Ayuntamiento de M\u00e9rida y la comunidad coreana local develaron dos placas en honor de la Escuela Militar Coreana Sungmu, instituci\u00f3n que a inicios del siglo XX ocup\u00f3 el espacio que hoy corresponde al mercado San Benito.<\/p>\n\n\n\n<p>El homenaje no solo recuerda un cap\u00edtulo clave de la migraci\u00f3n coreana a Yucat\u00e1n, sino que tambi\u00e9n refuerza m\u00e1s de un siglo de amistad y cooperaci\u00f3n entre ambas comunidades.<\/p>\n\n\n\n<figure class=\"wp-block-image size-full\"><img loading=\"lazy\" width=\"400\" height=\"506\" src=\"https:\/\/visionpeninsular.com\/mid\/wp-content\/uploads\/2025\/08\/placa-korea.jpg\" alt=\"\" class=\"wp-image-205812\" srcset=\"https:\/\/visionpeninsular.com\/mid\/wp-content\/uploads\/2025\/08\/placa-korea.jpg 400w, https:\/\/visionpeninsular.com\/mid\/wp-content\/uploads\/2025\/08\/placa-korea-237x300.jpg 237w\" sizes=\"(max-width: 400px) 100vw, 400px\" \/><\/figure>\n\n\n\n<p>En representaci\u00f3n de la alcaldesa Cecilia Patr\u00f3n Laviada, la coordinadora general de Buen Gobierno, Lizbeth Basto Avil\u00e9s, subray\u00f3 el aporte invaluable de la comunidad coreana al desarrollo social, econ\u00f3mico y cultural de M\u00e9rida.<\/p>\n\n\n\n<p>\u201cSu historia es tambi\u00e9n nuestra historia; su lucha, su trabajo y sus valores forman parte de la identidad de nuestra ciudad\u201d, expres\u00f3.<\/p>\n\n\n\n<p>Un legado centenario<\/p>\n\n\n\n<p>La presencia coreana en Yucat\u00e1n se remonta a 1905, cuando 1,033 migrantes arribaron a M\u00e9xico por el puerto de Salina Cruz, provenientes de Jemulpo, Corea, con destino a las haciendas henequeneras. Apenas cuatro a\u00f1os despu\u00e9s, el 17 de noviembre de 1909, fundaron la Escuela Sungmu para entrenar a compatriotas que regresar\u00edan a luchar por la independencia frente a la ocupaci\u00f3n japonesa.<\/p>\n\n\n\n<p>Hermandad viva<\/p>\n\n\n\n<p>El evento, realizado en la Placita del mercado Lucas de G\u00e1lvez, fue inaugurado por Alfonso Lozano Poveda, subdirector especializado en Establecimientos Fijos, Semifijos y Ambulantaje, quien destac\u00f3 s\u00edmbolos visibles de esta amistad como el Hospital Corea-M\u00e9xico y la estatua del Greetingman en la avenida Rep\u00fablica de Corea.<\/p>\n\n\n\n<figure class=\"wp-block-image size-full\"><img loading=\"lazy\" width=\"500\" height=\"375\" src=\"https:\/\/visionpeninsular.com\/mid\/wp-content\/uploads\/2025\/08\/comunidad-coreana.jpg\" alt=\"\" class=\"wp-image-205813\" srcset=\"https:\/\/visionpeninsular.com\/mid\/wp-content\/uploads\/2025\/08\/comunidad-coreana.jpg 500w, https:\/\/visionpeninsular.com\/mid\/wp-content\/uploads\/2025\/08\/comunidad-coreana-300x225.jpg 300w\" sizes=\"(max-width: 500px) 100vw, 500px\" \/><\/figure>\n\n\n\n<p>Juan Ignacio Dur\u00e1n Cong, presidente de la Asociaci\u00f3n de Descendientes Coreanos en Yucat\u00e1n KORYUC A.C., agradeci\u00f3 el respaldo del Ayuntamiento de M\u00e9rida &nbsp;para preservar la memoria hist\u00f3rica. Por su parte, Kab Hwan Jung, presidente del Centro de Verdad y Justicia Hist\u00f3rica (rama Am\u00e9rica Latina), rindi\u00f3 homenaje a los primeros migrantes coreanos, destacando su sacrificio como ejemplo para las nuevas generaciones. Al acto asistieron funcionarios municipales, l\u00edderes comunitarios y miembros de la Asociaci\u00f3n KORYUC A.C., reafirmando el compromiso de mantener vivos estos lazos hist\u00f3ricos.<\/p>\n<div class='share-to-whatsapp-wrapper'><div class='share-on-whsp'>Share on: <\/div><a data-text='M\u00e9rida y comunidad coreana conmemoran lazos hist\u00f3ricos con homenaje a la Escuela Sungmu' data-link='https:\/\/visionpeninsular.com\/mid\/merida-y-comunidad-coreana-conmemoran-lazos-historicos-con-homenaje-a-la-escuela-sungmu\/' class='whatsapp-button whatsapp-share'>WhatsApp<\/a><div class='clear '><\/div><\/div>","protected":false},"excerpt":{"rendered":"<p>M\u00e9rida, 12 de agosto, 2025.- En un acto de reconocimiento y fraternidad, el Ayuntamiento de M\u00e9rida y la comunidad coreana local develaron dos placas en honor de la Escuela Militar Coreana Sungmu, instituci\u00f3n que a inicios del siglo XX ocup\u00f3 el espacio que hoy corresponde al mercado San Benito. El homenaje no solo recuerda un &hellip;<\/p>\n","protected":false},"author":5,"featured_media":205811,"comment_status":"open","ping_status":"open","sticky":false,"template":"","format":"standard","meta":{"_mi_skip_tracking":false},"categories":[49,37],"tags":[41,5668,49712],"_links":{"self":[{"href":"https:\/\/visionpeninsular.com\/mid\/wp-json\/wp\/v2\/posts\/205809"}],"collection":[{"href":"https:\/\/visionpeninsular.com\/mid\/wp-json\/wp\/v2\/posts"}],"about":[{"href":"https:\/\/visionpeninsular.com\/mid\/wp-json\/wp\/v2\/types\/post"}],"author":[{"embeddable":true,"href":"https:\/\/visionpeninsular.com\/mid\/wp-json\/wp\/v2\/users\/5"}],"replies":[{"embeddable":true,"href":"https:\/\/visionpeninsular.com\/mid\/wp-json\/wp\/v2\/comments?post=205809"}],"version-history":[{"count":1,"href":"https:\/\/visionpeninsular.com\/mid\/wp-json\/wp\/v2\/posts\/205809\/revisions"}],"predecessor-version":[{"id":205814,"href":"https:\/\/visionpeninsular.com\/mid\/wp-json\/wp\/v2\/posts\/205809\/revisions\/205814"}],"wp:featuredmedia":[{"embeddable":true,"href":"https:\/\/visionpeninsular.com\/mid\/wp-json\/wp\/v2\/media\/205811"}],"wp:attachment":[{"href":"https:\/\/visionpeninsular.com\/mid\/wp-json\/wp\/v2\/media?parent=205809"}],"wp:term":[{"taxonomy":"category","embeddable":true,"href":"https:\/\/visionpeninsular.com\/mid\/wp-json\/wp\/v2\/categories?post=205809"},{"taxonomy":"post_tag","embeddable":true,"href":"https:\/\/visionpeninsular.com\/mid\/wp-json\/wp\/v2\/tags?post=205809"}],"curies":[{"name":"wp","href":"https:\/\/api.w.org\/{rel}","templated":true}]}}