{"id":205805,"date":"2025-08-12T17:55:27","date_gmt":"2025-08-12T22:55:27","guid":{"rendered":"https:\/\/visionpeninsular.com\/mid\/?p=205805"},"modified":"2025-08-12T17:55:31","modified_gmt":"2025-08-12T22:55:31","slug":"takan-festival-gastronomico-con-raices-mayas","status":"publish","type":"post","link":"https:\/\/visionpeninsular.com\/mid\/takan-festival-gastronomico-con-raices-mayas\/","title":{"rendered":"Tak\u2019an Festival gastron\u00f3mico con ra\u00edces mayas"},"content":{"rendered":"\n<p>Halach\u00f3, Yucat\u00e1n, a 11 de agosto de 2025.\u2013 Con la presencia de cocineras y cocineros tradicionales, artesanos, productores y estudiantes universitarios, se llev\u00f3 a cabo con gran \u00e9xito la primera edici\u00f3n del Tak\u2019an Festival Vocacional de Cocina, un evento que celebr\u00f3 las ra\u00edces culinarias vivas de Yucat\u00e1n y reforz\u00f3 su liderazgo en el turismo gastron\u00f3mico.<\/p>\n\n\n\n<p>El encuentro, impulsado por el chef Wilson Alonzo B\u00e1ez, fundador de Ya\u2019axch\u00e9 Centro Etnogastron\u00f3mico, se realiz\u00f3 los d\u00edas 9 y 10 de agosto en la ex estaci\u00f3n del tren de Halach\u00f3, a trav\u00e9s de la Secretar\u00eda de Fomento Tur\u00edstico (Sefotur), la Secretar\u00eda de la Cultura y las Artes (Sedeculta), el Instituto Yucateco de Emprendedores (IYEM) y el Instituto para el Desarrollo de la Cultura Maya (Indemaya). Tambi\u00e9n sumaron esfuerzos el Ayuntamiento de Halach\u00f3 y diversas empresas yucatecas.<\/p>\n\n\n\n<p>La programaci\u00f3n incluy\u00f3 talleres de cocina tradicional y contempor\u00e1nea, conferencias sobre identidad y sustentabilidad, muestras gastron\u00f3micas en el Pasillo de Humo, presentaciones art\u00edsticas, juegos tradicionales y el tradicional baile de cabeza de cochino. Uno de los momentos m\u00e1s esperados fue la \u201cBatalla de Fogones\u201d, concurso en el que participaron seis equipos universitarios de Chiapas, M\u00e9rida y Valladolid.<\/p>\n\n\n\n<p>En esta primera edici\u00f3n, 15 expositores de cocina tradicional de los Pueblos M\u00e1gicos de Sisal, Man\u00ed, Motul, Tekax y Espita, as\u00ed como de Halach\u00f3, Maxcan\u00fa, Chiapas, Tabasco y Campeche, deleitaron a los asistentes con platillos llenos de historia y sabor. Adem\u00e1s, 12 artesanos locales ofrecieron productos elaborados con t\u00e9cnicas ancestrales, como prendas bordadas y accesorios de henequ\u00e9n.<\/p>\n\n\n\n<p>El Tak\u2019an Festival busca consolidarse como una plataforma para impulsar el turismo gastron\u00f3mico responsable, fomentar la sostenibilidad alimentaria y vincular a las nuevas generaciones con oficios culturales y el conocimiento ancestral. Asimismo, cont\u00f3 con el apoyo t\u00e9cnico de la Red de Ciudades Creativas de la UNESCO, que document\u00f3 las mejores pr\u00e1cticas del evento como ejemplo de turismo comunitario con impacto social.<\/p>\n\n\n\n<p>Cabe recordar que el Centro Etnogastron\u00f3mico Ya\u2019axch\u00e9 forma parte del cat\u00e1logo de iniciativas tur\u00edsticas \u201cYucat\u00e1n. Mosaico de experiencias\u201d, elaborado por UNESCO M\u00e9xico en colaboraci\u00f3n con Sefotur, Co\u2019ox Mayab y Airbnb, para promover un turismo cultural y sostenible.<\/p>\n\n\n\n<p>La entrada libre permiti\u00f3 que habitantes y visitantes disfrutaran de dos d\u00edas llenos de gastronom\u00eda, cultura e identidad.<\/p>\n<div class='share-to-whatsapp-wrapper'><div class='share-on-whsp'>Share on: <\/div><a data-text='Tak\u2019an Festival gastron\u00f3mico con ra\u00edces mayas' data-link='https:\/\/visionpeninsular.com\/mid\/takan-festival-gastronomico-con-raices-mayas\/' class='whatsapp-button whatsapp-share'>WhatsApp<\/a><div class='clear '><\/div><\/div>","protected":false},"excerpt":{"rendered":"<p>Halach\u00f3, Yucat\u00e1n, a 11 de agosto de 2025.\u2013 Con la presencia de cocineras y cocineros tradicionales, artesanos, productores y estudiantes universitarios, se llev\u00f3 a cabo con gran \u00e9xito la primera edici\u00f3n del Tak\u2019an Festival Vocacional de Cocina, un evento que celebr\u00f3 las ra\u00edces culinarias vivas de Yucat\u00e1n y reforz\u00f3 su liderazgo en el turismo gastron\u00f3mico. &hellip;<\/p>\n","protected":false},"author":5,"featured_media":205807,"comment_status":"open","ping_status":"open","sticky":false,"template":"","format":"standard","meta":{"_mi_skip_tracking":false},"categories":[49,37],"tags":[49711,185,1557,1591,49710],"_links":{"self":[{"href":"https:\/\/visionpeninsular.com\/mid\/wp-json\/wp\/v2\/posts\/205805"}],"collection":[{"href":"https:\/\/visionpeninsular.com\/mid\/wp-json\/wp\/v2\/posts"}],"about":[{"href":"https:\/\/visionpeninsular.com\/mid\/wp-json\/wp\/v2\/types\/post"}],"author":[{"embeddable":true,"href":"https:\/\/visionpeninsular.com\/mid\/wp-json\/wp\/v2\/users\/5"}],"replies":[{"embeddable":true,"href":"https:\/\/visionpeninsular.com\/mid\/wp-json\/wp\/v2\/comments?post=205805"}],"version-history":[{"count":1,"href":"https:\/\/visionpeninsular.com\/mid\/wp-json\/wp\/v2\/posts\/205805\/revisions"}],"predecessor-version":[{"id":205808,"href":"https:\/\/visionpeninsular.com\/mid\/wp-json\/wp\/v2\/posts\/205805\/revisions\/205808"}],"wp:featuredmedia":[{"embeddable":true,"href":"https:\/\/visionpeninsular.com\/mid\/wp-json\/wp\/v2\/media\/205807"}],"wp:attachment":[{"href":"https:\/\/visionpeninsular.com\/mid\/wp-json\/wp\/v2\/media?parent=205805"}],"wp:term":[{"taxonomy":"category","embeddable":true,"href":"https:\/\/visionpeninsular.com\/mid\/wp-json\/wp\/v2\/categories?post=205805"},{"taxonomy":"post_tag","embeddable":true,"href":"https:\/\/visionpeninsular.com\/mid\/wp-json\/wp\/v2\/tags?post=205805"}],"curies":[{"name":"wp","href":"https:\/\/api.w.org\/{rel}","templated":true}]}}