{"id":205706,"date":"2025-08-09T18:24:51","date_gmt":"2025-08-09T23:24:51","guid":{"rendered":"https:\/\/visionpeninsular.com\/mid\/?p=205706"},"modified":"2025-08-09T18:24:56","modified_gmt":"2025-08-09T23:24:56","slug":"crecer-de-forma-ordenada-y-planificada-cecilia-patron","status":"publish","type":"post","link":"https:\/\/visionpeninsular.com\/mid\/crecer-de-forma-ordenada-y-planificada-cecilia-patron\/","title":{"rendered":"Crecer de forma ordenada y planificada: Cecilia Patr\u00f3n"},"content":{"rendered":"\n<p>M\u00e9rida, 9 de agosto, 2025.- \u201cM\u00e1s all\u00e1 de fronteras, tenemos que pensar en c\u00f3mo crecer de forma ordenada, planificada y con visi\u00f3n compartida.\u201d, afirm\u00f3 la presidenta municipal Cecilia Patr\u00f3n Laviada durante la ceremonia de firma de Convenio de Coordinaci\u00f3n de la Zona Metropolitana de M\u00e9rida.<\/p>\n\n\n\n<p>Resalt\u00f3 que cada comunidad tiene particularidades que las hacen \u00fanicas e irrepetibles, pero que todas comparten el mismo objetivo, mejorar la calidad de vida de miles de familias que las habitan.<\/p>\n\n\n\n<p>La Zona Metropolitana de M\u00e9rida, conformada por 14 municipios, M\u00e9rida, Kanas\u00edn, Conkal, Um\u00e1n, Acanceh, Chicxulub Pueblo, Ixil, Hunucm\u00e1, Samahil, Timucuy, Tixkokob, Tixp\u00e9hual, Uc\u00fa y Progreso, requiere una coordinaci\u00f3n efectiva y soluciones compartidas en servicios, infraestructura, movilidad y desarrollo econ\u00f3mico.<\/p>\n\n\n\n<p>Zona metropolitana mejor planificada<\/p>\n\n\n\n<p>\u201cDe acuerdo con el INEGI, M\u00e9rida concentra el 71.6 por ciento de la poblaci\u00f3n de esta regi\u00f3n, lo que nos obliga a ejercer un liderazgo colaborativo. Hoy, m\u00e1s que nunca, nuestra urbe demanda planeaci\u00f3n seria, participaci\u00f3n ciudadana y alianzas estrat\u00e9gicas. En M\u00e9rida somos aliados de todo lo que signifique el bienestar de la gente\u201d, destac\u00f3.<\/p>\n\n\n\n<p>La alcaldesa destac\u00f3 que su administraci\u00f3n colabora, comparte lo que sabe hacer bien y aprende de otras experiencias para construir soluciones reales a la altura de las necesidades de la comunidad, siempre impulsando la justicia social, para que nadie se quede atr\u00e1s y haya piso parejo para todos.<\/p>\n\n\n\n<p>\u201cDe acuerdo con el INEGI, M\u00e9rida concentra el 71.6 por ciento de la poblaci\u00f3n de esta regi\u00f3n, lo que nos obliga a ejercer un liderazgo colaborativo. Hoy, m\u00e1s que nunca, nuestra urbe demanda planeaci\u00f3n seria, participaci\u00f3n ciudadana y alianzas estrat\u00e9gicas\u201d, destac\u00f3.<\/p>\n\n\n\n<p>Este convenio es una herramienta de desarrollo que permitir\u00e1 a los integrantes de la zona acceder a inversiones, asistencia t\u00e9cnica y programas en temas como movilidad, medio ambiente, seguridad, econom\u00eda e infraestructura, que se traduzcan en obras, servicios y oportunidades para transformar vidas mediante una gobernanza con participaci\u00f3n ciudadana.<\/p>\n\n\n\n<p>La alcaldesa sign\u00f3 el convenio junto con el subsecretario de la Secretar\u00eda de Desarrollo Agrario, Territorial y Urbano (SEDATU), V\u00edctor Hoffman Aguirre; el gobernador de Yucat\u00e1n, Joaqu\u00edn D\u00edaz Mena; el director del Instituto de Movilidad y Desarrollo Urbano Territorial (IMDUT), Irak Greene Marrufo y los representantes de los 14 municipios que integran la zona.<\/p>\n<div class='share-to-whatsapp-wrapper'><div class='share-on-whsp'>Share on: <\/div><a data-text='Crecer de forma ordenada y planificada: Cecilia Patr\u00f3n' data-link='https:\/\/visionpeninsular.com\/mid\/crecer-de-forma-ordenada-y-planificada-cecilia-patron\/' class='whatsapp-button whatsapp-share'>WhatsApp<\/a><div class='clear '><\/div><\/div>","protected":false},"excerpt":{"rendered":"<p>M\u00e9rida, 9 de agosto, 2025.- \u201cM\u00e1s all\u00e1 de fronteras, tenemos que pensar en c\u00f3mo crecer de forma ordenada, planificada y con visi\u00f3n compartida.\u201d, afirm\u00f3 la presidenta municipal Cecilia Patr\u00f3n Laviada durante la ceremonia de firma de Convenio de Coordinaci\u00f3n de la Zona Metropolitana de M\u00e9rida. Resalt\u00f3 que cada comunidad tiene particularidades que las hacen \u00fanicas &hellip;<\/p>\n","protected":false},"author":5,"featured_media":205708,"comment_status":"open","ping_status":"open","sticky":false,"template":"","format":"standard","meta":{"_mi_skip_tracking":false},"categories":[49,37],"tags":[41,5668,49655,49654],"_links":{"self":[{"href":"https:\/\/visionpeninsular.com\/mid\/wp-json\/wp\/v2\/posts\/205706"}],"collection":[{"href":"https:\/\/visionpeninsular.com\/mid\/wp-json\/wp\/v2\/posts"}],"about":[{"href":"https:\/\/visionpeninsular.com\/mid\/wp-json\/wp\/v2\/types\/post"}],"author":[{"embeddable":true,"href":"https:\/\/visionpeninsular.com\/mid\/wp-json\/wp\/v2\/users\/5"}],"replies":[{"embeddable":true,"href":"https:\/\/visionpeninsular.com\/mid\/wp-json\/wp\/v2\/comments?post=205706"}],"version-history":[{"count":1,"href":"https:\/\/visionpeninsular.com\/mid\/wp-json\/wp\/v2\/posts\/205706\/revisions"}],"predecessor-version":[{"id":205709,"href":"https:\/\/visionpeninsular.com\/mid\/wp-json\/wp\/v2\/posts\/205706\/revisions\/205709"}],"wp:featuredmedia":[{"embeddable":true,"href":"https:\/\/visionpeninsular.com\/mid\/wp-json\/wp\/v2\/media\/205708"}],"wp:attachment":[{"href":"https:\/\/visionpeninsular.com\/mid\/wp-json\/wp\/v2\/media?parent=205706"}],"wp:term":[{"taxonomy":"category","embeddable":true,"href":"https:\/\/visionpeninsular.com\/mid\/wp-json\/wp\/v2\/categories?post=205706"},{"taxonomy":"post_tag","embeddable":true,"href":"https:\/\/visionpeninsular.com\/mid\/wp-json\/wp\/v2\/tags?post=205706"}],"curies":[{"name":"wp","href":"https:\/\/api.w.org\/{rel}","templated":true}]}}