{"id":205439,"date":"2025-08-01T15:14:07","date_gmt":"2025-08-01T20:14:07","guid":{"rendered":"https:\/\/visionpeninsular.com\/mid\/?p=205439"},"modified":"2025-08-01T15:14:16","modified_gmt":"2025-08-01T20:14:16","slug":"ayuntamiento-de-merida-ofrece-recorridos-gratuitos-por-centros-culturales","status":"publish","type":"post","link":"https:\/\/visionpeninsular.com\/mid\/ayuntamiento-de-merida-ofrece-recorridos-gratuitos-por-centros-culturales\/","title":{"rendered":"Ayuntamiento de M\u00e9rida ofrece recorridos gratuitos por Centros Culturales"},"content":{"rendered":"\n<p>M\u00e9rida, 01 de agosto, 2025.- El arte se convierte en una opci\u00f3n accesible y enriquecedora para quienes a\u00fan disfrutan de las vacaciones en M\u00e9rida. A trav\u00e9s del Ayuntamiento, que encabeza Cecilia Patr\u00f3n Laviada, los centros culturales de la ciudad ofrecen exposiciones escult\u00f3ricas, pict\u00f3ricas y fotogr\u00e1ficas que pueden ser visitadas de forma gratuita por familias meridanas y turistas.<\/p>\n\n\n\n<p>Uno de los principales atractivos es la exposici\u00f3n \u201cGesto y Color: el legado de Gabriel Ram\u00edrez\u201d, montada en el Centro Cultural Olimpo. Se trata de la muestra m\u00e1s completa del artista yucateco, que re\u00fane m\u00e1s de 60 a\u00f1os de trayectoria a trav\u00e9s de m\u00e1s de 40 obras, desde su primer \u00f3leo en 1964 hasta su \u00faltima pintura en 2024.<\/p>\n\n\n\n<figure class=\"wp-block-image size-full\"><img loading=\"lazy\" width=\"600\" height=\"411\" src=\"https:\/\/visionpeninsular.com\/mid\/wp-content\/uploads\/2025\/08\/visitantes-arte.jpg\" alt=\"\" class=\"wp-image-205442\" srcset=\"https:\/\/visionpeninsular.com\/mid\/wp-content\/uploads\/2025\/08\/visitantes-arte.jpg 600w, https:\/\/visionpeninsular.com\/mid\/wp-content\/uploads\/2025\/08\/visitantes-arte-300x206.jpg 300w, https:\/\/visionpeninsular.com\/mid\/wp-content\/uploads\/2025\/08\/visitantes-arte-110x75.jpg 110w\" sizes=\"(max-width: 600px) 100vw, 600px\" \/><\/figure>\n\n\n\n<p>Los recorridos guiados por esta exposici\u00f3n estar\u00e1n a cargo de Mario Torre Rodr\u00edguez, curador de la muestra, quien ha descrito la obra de Ram\u00edrez como \u201catemporal\u201d por su vigencia est\u00e9tica y conceptual. Las visitas ser\u00e1n para grupos de 30 personas, con registro previo al correo cultura@merida.gob.mx. La primera fecha, el 30 de julio, ya tiene cupo lleno; las siguientes ser\u00e1n el 16 de agosto a las 10:00 a.m. y habr\u00e1 dos fechas m\u00e1s en septiembre.<\/p>\n\n\n\n<p>En el balc\u00f3n del Olimpo, los visitantes tambi\u00e9n pueden conocer la colecci\u00f3n \u201cCreatio Terra\u201d de Rosario Guillermo, integrada por 13 esculturas cer\u00e1micas de gran formato que invitan a reconectar con la tierra mediante el arte. Ambas exposiciones permanecer\u00e1n abiertas hasta diciembre.<\/p>\n\n\n\n<p>Por su parte, el Centro Cultural Casamata, ubicado al oriente de la ciudad, abrir\u00e1 el 1 de agosto a las 7:30 p.m. la exposici\u00f3n \u201cVisi\u00f3n ancestral de los pueblos originarios\u201d, del artista Kuiz L\u00f3pez Kalkpatl, quien explora la simbolog\u00eda c\u00f3smica de las culturas milenarias de M\u00e9xico a trav\u00e9s de 19 obras pict\u00f3ricas que han sido exhibidas en distintos estados del pa\u00eds y en Estados Unidos. Esta muestra estar\u00e1 disponible hasta el 3 de septiembre, de lunes a viernes, de 10:00 a.m. a 6:00 p.m.<\/p>\n\n\n\n<p>Otro punto clave es el Museo de la Ciudad, ubicado en el ex edificio de Correos, donde actualmente se exhiben:<\/p>\n\n\n\n<p>\u201cA Eva\u201d, de Soledad Velasco, una serie pict\u00f3rica que nace durante la pandemia y expresa una transformaci\u00f3n emocional profunda.<\/p>\n\n\n\n<p>\u201cDe ida y vuelta\u201d, de Fabricio Vanden Broeck, una propuesta escult\u00f3rica que fusiona lo ancestral y lo contempor\u00e1neo en torno al cuerpo femenino como s\u00edmbolo hist\u00f3rico.<\/p>\n\n\n\n<p>Ambas colecciones estar\u00e1n disponibles hasta el 14 de septiembre en el primer piso del museo.<\/p>\n\n\n\n<p>Finalmente, en el Centro Cultural Jos\u00e9 Mart\u00ed, contin\u00faa la exposici\u00f3n fotogr\u00e1fica \u201cTodos somos m\u00fasica, todos somos calle\u201d de Carlos Burgos, una cr\u00f3nica visual sobre la m\u00fasica callejera en distintas ciudades del mundo. La muestra estar\u00e1 abierta hasta el 7 de septiembre, de martes a viernes, de 8:00 a.m. a 8:00 p.m., y s\u00e1bados de 9:00 a.m. a 1:00 p.m.<\/p>\n\n\n\n<p>Todas las exposiciones cuentan con entrada libre y forman parte de la amplia oferta cultural disponible en www.merida.gob.mx\/cultura.<\/p>\n<div class='share-to-whatsapp-wrapper'><div class='share-on-whsp'>Share on: <\/div><a data-text='Ayuntamiento de M\u00e9rida ofrece recorridos gratuitos por Centros Culturales' data-link='https:\/\/visionpeninsular.com\/mid\/ayuntamiento-de-merida-ofrece-recorridos-gratuitos-por-centros-culturales\/' class='whatsapp-button whatsapp-share'>WhatsApp<\/a><div class='clear '><\/div><\/div>","protected":false},"excerpt":{"rendered":"<p>M\u00e9rida, 01 de agosto, 2025.- El arte se convierte en una opci\u00f3n accesible y enriquecedora para quienes a\u00fan disfrutan de las vacaciones en M\u00e9rida. A trav\u00e9s del Ayuntamiento, que encabeza Cecilia Patr\u00f3n Laviada, los centros culturales de la ciudad ofrecen exposiciones escult\u00f3ricas, pict\u00f3ricas y fotogr\u00e1ficas que pueden ser visitadas de forma gratuita por familias meridanas &hellip;<\/p>\n","protected":false},"author":5,"featured_media":205441,"comment_status":"open","ping_status":"open","sticky":false,"template":"","format":"standard","meta":{"_mi_skip_tracking":false},"categories":[49,37],"tags":[41,5668,49497,49498,11520],"_links":{"self":[{"href":"https:\/\/visionpeninsular.com\/mid\/wp-json\/wp\/v2\/posts\/205439"}],"collection":[{"href":"https:\/\/visionpeninsular.com\/mid\/wp-json\/wp\/v2\/posts"}],"about":[{"href":"https:\/\/visionpeninsular.com\/mid\/wp-json\/wp\/v2\/types\/post"}],"author":[{"embeddable":true,"href":"https:\/\/visionpeninsular.com\/mid\/wp-json\/wp\/v2\/users\/5"}],"replies":[{"embeddable":true,"href":"https:\/\/visionpeninsular.com\/mid\/wp-json\/wp\/v2\/comments?post=205439"}],"version-history":[{"count":1,"href":"https:\/\/visionpeninsular.com\/mid\/wp-json\/wp\/v2\/posts\/205439\/revisions"}],"predecessor-version":[{"id":205443,"href":"https:\/\/visionpeninsular.com\/mid\/wp-json\/wp\/v2\/posts\/205439\/revisions\/205443"}],"wp:featuredmedia":[{"embeddable":true,"href":"https:\/\/visionpeninsular.com\/mid\/wp-json\/wp\/v2\/media\/205441"}],"wp:attachment":[{"href":"https:\/\/visionpeninsular.com\/mid\/wp-json\/wp\/v2\/media?parent=205439"}],"wp:term":[{"taxonomy":"category","embeddable":true,"href":"https:\/\/visionpeninsular.com\/mid\/wp-json\/wp\/v2\/categories?post=205439"},{"taxonomy":"post_tag","embeddable":true,"href":"https:\/\/visionpeninsular.com\/mid\/wp-json\/wp\/v2\/tags?post=205439"}],"curies":[{"name":"wp","href":"https:\/\/api.w.org\/{rel}","templated":true}]}}