{"id":205418,"date":"2025-07-31T21:24:21","date_gmt":"2025-08-01T02:24:21","guid":{"rendered":"https:\/\/visionpeninsular.com\/mid\/?p=205418"},"modified":"2025-07-31T21:24:24","modified_gmt":"2025-08-01T02:24:24","slug":"se-respeta-la-voluntad-del-pueblo-pese-a-una-reforma-para-que-el-presidente-del-tribunal-superior-decline-a-ocupar-ese-cargo","status":"publish","type":"post","link":"https:\/\/visionpeninsular.com\/mid\/se-respeta-la-voluntad-del-pueblo-pese-a-una-reforma-para-que-el-presidente-del-tribunal-superior-decline-a-ocupar-ese-cargo\/","title":{"rendered":"Se respeta la voluntad del pueblo, pese a  una reforma para que el presidente del Tribunal Superior decline a ocupar ese cargo"},"content":{"rendered":"\n<p>M\u00e9rida, Yucat\u00e1n, a 31 de julio de 2025.\u2013 El Congreso del Estado recibi\u00f3 una iniciativa del Poder Judicial para que se apruebe la figura de renuncia o declinaci\u00f3n a la presidencia del Tribunal Superior de Justicia.<\/p>\n\n\n\n<p>Entrevistada sobre el tema, la diputada morenista Estefan\u00eda Baeza Mart\u00ednez asegur\u00f3 que de aprobarse la propuesta la voluntad del pueblo yucateco ser\u00e1 respetada.<\/p>\n\n\n\n<p>En caso de que la magistrada o magistrado que obtuvo la mayor cantidad de votos opte por declinar a ese encargo, se tratar\u00eda de una decisi\u00f3n personal, asever\u00f3 la tambi\u00e9n presidenta de la Mesa Directiva.<\/p>\n\n\n\n<p>El pasado 1 de junio, como resultado de una reforma judicial aprobada meses atr\u00e1s en el Congreso del Estado, se estableci\u00f3 que la persona candidata que obtenga el mayor n\u00famero de sufragios en las elecciones de magistraturas estatales, ser\u00e1 designada presidenta del Tribunal Superior.<\/p>\n\n\n\n<p>Con base en el resultado de las urnas, Erika L\u00f3pez Torres se perfila para ocupar dicho cargo al conseguir 119 mil 829 votos.<\/p>\n\n\n\n<p>En caso de aprobarse la iniciativa, existe la posibilidad que Erika L\u00f3pez Torres decline no ocupar la presidencia y Hern\u00e1n Vega Burgos tome el cargo.<\/p>\n\n\n\n<p>Mientras, la propuesta ya fue turnada a la Comisi\u00f3n de Justicia y Seguridad P\u00fablica para que se apruebe antes de que concluya el mes de agosto.<\/p>\n\n\n\n<figure class=\"wp-block-image size-large\"><img loading=\"lazy\" width=\"1024\" height=\"682\" src=\"https:\/\/visionpeninsular.com\/mid\/wp-content\/uploads\/2025\/07\/1000434495-1024x682.jpg\" alt=\"\" class=\"wp-image-205420\" srcset=\"https:\/\/visionpeninsular.com\/mid\/wp-content\/uploads\/2025\/07\/1000434495-1024x682.jpg 1024w, https:\/\/visionpeninsular.com\/mid\/wp-content\/uploads\/2025\/07\/1000434495-300x200.jpg 300w, https:\/\/visionpeninsular.com\/mid\/wp-content\/uploads\/2025\/07\/1000434495-768x512.jpg 768w, https:\/\/visionpeninsular.com\/mid\/wp-content\/uploads\/2025\/07\/1000434495-1536x1023.jpg 1536w, https:\/\/visionpeninsular.com\/mid\/wp-content\/uploads\/2025\/07\/1000434495-310x205.jpg 310w, https:\/\/visionpeninsular.com\/mid\/wp-content\/uploads\/2025\/07\/1000434495.jpg 1600w\" sizes=\"(max-width: 1024px) 100vw, 1024px\" \/><figcaption>En caso de que la magistrada o magistrado que obtuvo la mayor cantidad de votos opte por declinar a ese encargo, se tratar\u00eda de una decisi\u00f3n personal, asegur\u00f3 la diputada morenista Estefan\u00eda Baeza Mart\u00ednez. FOTO: Cortes\u00eda <\/figcaption><\/figure>\n<div class='share-to-whatsapp-wrapper'><div class='share-on-whsp'>Share on: <\/div><a data-text='Se respeta la voluntad del pueblo, pese a  una reforma para que el presidente del Tribunal Superior decline a ocupar ese cargo' data-link='https:\/\/visionpeninsular.com\/mid\/se-respeta-la-voluntad-del-pueblo-pese-a-una-reforma-para-que-el-presidente-del-tribunal-superior-decline-a-ocupar-ese-cargo\/' class='whatsapp-button whatsapp-share'>WhatsApp<\/a><div class='clear '><\/div><\/div>","protected":false},"excerpt":{"rendered":"<p>M\u00e9rida, Yucat\u00e1n, a 31 de julio de 2025.\u2013 El Congreso del Estado recibi\u00f3 una iniciativa del Poder Judicial para que se apruebe la figura de renuncia o declinaci\u00f3n a la presidencia del Tribunal Superior de Justicia. Entrevistada sobre el tema, la diputada morenista Estefan\u00eda Baeza Mart\u00ednez asegur\u00f3 que de aprobarse la propuesta la voluntad del &hellip;<\/p>\n","protected":false},"author":11,"featured_media":205420,"comment_status":"open","ping_status":"open","sticky":false,"template":"","format":"standard","meta":{"_mi_skip_tracking":false},"categories":[49,37],"tags":[6535,49488,27523,33498],"_links":{"self":[{"href":"https:\/\/visionpeninsular.com\/mid\/wp-json\/wp\/v2\/posts\/205418"}],"collection":[{"href":"https:\/\/visionpeninsular.com\/mid\/wp-json\/wp\/v2\/posts"}],"about":[{"href":"https:\/\/visionpeninsular.com\/mid\/wp-json\/wp\/v2\/types\/post"}],"author":[{"embeddable":true,"href":"https:\/\/visionpeninsular.com\/mid\/wp-json\/wp\/v2\/users\/11"}],"replies":[{"embeddable":true,"href":"https:\/\/visionpeninsular.com\/mid\/wp-json\/wp\/v2\/comments?post=205418"}],"version-history":[{"count":1,"href":"https:\/\/visionpeninsular.com\/mid\/wp-json\/wp\/v2\/posts\/205418\/revisions"}],"predecessor-version":[{"id":205421,"href":"https:\/\/visionpeninsular.com\/mid\/wp-json\/wp\/v2\/posts\/205418\/revisions\/205421"}],"wp:featuredmedia":[{"embeddable":true,"href":"https:\/\/visionpeninsular.com\/mid\/wp-json\/wp\/v2\/media\/205420"}],"wp:attachment":[{"href":"https:\/\/visionpeninsular.com\/mid\/wp-json\/wp\/v2\/media?parent=205418"}],"wp:term":[{"taxonomy":"category","embeddable":true,"href":"https:\/\/visionpeninsular.com\/mid\/wp-json\/wp\/v2\/categories?post=205418"},{"taxonomy":"post_tag","embeddable":true,"href":"https:\/\/visionpeninsular.com\/mid\/wp-json\/wp\/v2\/tags?post=205418"}],"curies":[{"name":"wp","href":"https:\/\/api.w.org\/{rel}","templated":true}]}}