{"id":205266,"date":"2025-07-26T21:18:51","date_gmt":"2025-07-27T02:18:51","guid":{"rendered":"https:\/\/visionpeninsular.com\/mid\/?p=205266"},"modified":"2025-07-26T21:18:53","modified_gmt":"2025-07-27T02:18:53","slug":"defensores-del-agua-marcharon-contra-la-instalacion-de-heneiken-en-kanasin","status":"publish","type":"post","link":"https:\/\/visionpeninsular.com\/mid\/defensores-del-agua-marcharon-contra-la-instalacion-de-heneiken-en-kanasin\/","title":{"rendered":"Defensores del agua marcharon contra la instalaci\u00f3n de Heneiken en Kanas\u00edn"},"content":{"rendered":"\n<h2 class=\"has-text-align-center\">Acusan de opacidad en el proyecto, pues la informaci\u00f3n p\u00fablica no fue suficiente; tampoco los pueblos mayas fueron consultados <\/h2>\n\n\n\n<p>M\u00e9rida, Yucat\u00e1n, a 26 de julio de 2025.\u2013 Colectivos e integrantes de  la Asamblea por la Defensa del Agua y Territorio de Yucat\u00e1n marcharon la tarde de hoy s\u00e1bado contra la instalaci\u00f3n de la cervecera Heneiken en Kanas\u00edn. <\/p>\n\n\n\n<p>Durante la lectura del manifiesto, los activistas expusieron que la transnacional pretende producir 400 millones de litros de cervezas al a\u00f1o, en una zona que ya presenta una crisis h\u00edbrica, contaminaci\u00f3n y donde muchas comunidades no pueden acceder al l\u00edquido.<\/p>\n\n\n\n<p>\u201cAmenaza el Anillo de Cenotes, una reserva hidrol\u00f3gica clave para regi\u00f3n y sobre explota un acu\u00edfero en crisis, cuya disponibilidad ha disminuido un 38.5% por el acaparamiento industrial\u201d, expusieron. <\/p>\n\n\n\n<p>La empresa extraer\u00e1 un mill\u00f3n de metros c\u00fabicos al a\u00f1o, equivalente a una sexta parte del consumo dom\u00e9stico de todo Kanas\u00edn, a\u00f1adieron. <\/p>\n\n\n\n<p>Los beneficios econ\u00f3micos en la regi\u00f3n no compensan el saqueo,  comentaron. Pues solo se ofrecen 300 empleos temporales para un municipio de aproximadamente 140 mil habitantes. <\/p>\n\n\n\n<p>\u201cConvierte a Kanas\u00edn en un nuevo basurero industrial\u201d, advirtieron. Detr\u00e1s de la construcci\u00f3n e instalaci\u00f3n de la cervecera est\u00e1 un grupo, denunciado por presunto despojo de tierras. <\/p>\n\n\n\n<p>Los manifestantes acusaron a los gobiernos Federal, Estatal y Municipal en favorecen los beneficios econ\u00f3micos en vez de priorizar la protecci\u00f3n del agua, salud y territorio. <\/p>\n\n\n\n<p>El proyecto, se denunci\u00f3, fue impuesto, pues el pueblo ind\u00edgena no fue consultado en un plesb\u00edcito con los est\u00e1ndares en derechos humanos, adem\u00e1s la aprobaci\u00f3n se hizo sin transparencia y con reuniones informativas a modo sin la informaci\u00f3n p\u00fablica suficiente. <\/p>\n\n\n\n<p>Tambi\u00e9n rechazaron el Tren Maya y las construcciones de los polos de desarrollo, pues solo atraen industrias extractivas que no favorecen el desarrollo y solo fomentan el despojo y deterioro ambiental.<\/p>\n\n\n\n<figure class=\"wp-block-image size-large\"><img loading=\"lazy\" width=\"1024\" height=\"576\" src=\"https:\/\/visionpeninsular.com\/mid\/wp-content\/uploads\/2025\/07\/1000427606-1024x576.jpg\" alt=\"\" class=\"wp-image-205268\" srcset=\"https:\/\/visionpeninsular.com\/mid\/wp-content\/uploads\/2025\/07\/1000427606-1024x576.jpg 1024w, https:\/\/visionpeninsular.com\/mid\/wp-content\/uploads\/2025\/07\/1000427606-300x169.jpg 300w, https:\/\/visionpeninsular.com\/mid\/wp-content\/uploads\/2025\/07\/1000427606-768x432.jpg 768w, https:\/\/visionpeninsular.com\/mid\/wp-content\/uploads\/2025\/07\/1000427606.jpg 1280w\" sizes=\"(max-width: 1024px) 100vw, 1024px\" \/><figcaption>Marcha en defensa del agua y contra la instalaci\u00f3n de una f\u00e1brica de cervezas en el Anillo de Cenotes. FOTO: Cortes\u00eda <\/figcaption><\/figure>\n<div class='share-to-whatsapp-wrapper'><div class='share-on-whsp'>Share on: <\/div><a data-text='Defensores del agua marcharon contra la instalaci\u00f3n de Heneiken en Kanas\u00edn' data-link='https:\/\/visionpeninsular.com\/mid\/defensores-del-agua-marcharon-contra-la-instalacion-de-heneiken-en-kanasin\/' class='whatsapp-button whatsapp-share'>WhatsApp<\/a><div class='clear '><\/div><\/div>","protected":false},"excerpt":{"rendered":"<p>Acusan de opacidad en el proyecto, pues la informaci\u00f3n p\u00fablica no fue suficiente; tampoco los pueblos mayas fueron consultados M\u00e9rida, Yucat\u00e1n, a 26 de julio de 2025.\u2013 Colectivos e integrantes de la Asamblea por la Defensa del Agua y Territorio de Yucat\u00e1n marcharon la tarde de hoy s\u00e1bado contra la instalaci\u00f3n de la cervecera Heneiken &hellip;<\/p>\n","protected":false},"author":11,"featured_media":205268,"comment_status":"open","ping_status":"open","sticky":false,"template":"","format":"standard","meta":{"_mi_skip_tracking":false},"categories":[49,37],"tags":[32223,49396,1499,13607,227],"_links":{"self":[{"href":"https:\/\/visionpeninsular.com\/mid\/wp-json\/wp\/v2\/posts\/205266"}],"collection":[{"href":"https:\/\/visionpeninsular.com\/mid\/wp-json\/wp\/v2\/posts"}],"about":[{"href":"https:\/\/visionpeninsular.com\/mid\/wp-json\/wp\/v2\/types\/post"}],"author":[{"embeddable":true,"href":"https:\/\/visionpeninsular.com\/mid\/wp-json\/wp\/v2\/users\/11"}],"replies":[{"embeddable":true,"href":"https:\/\/visionpeninsular.com\/mid\/wp-json\/wp\/v2\/comments?post=205266"}],"version-history":[{"count":1,"href":"https:\/\/visionpeninsular.com\/mid\/wp-json\/wp\/v2\/posts\/205266\/revisions"}],"predecessor-version":[{"id":205269,"href":"https:\/\/visionpeninsular.com\/mid\/wp-json\/wp\/v2\/posts\/205266\/revisions\/205269"}],"wp:featuredmedia":[{"embeddable":true,"href":"https:\/\/visionpeninsular.com\/mid\/wp-json\/wp\/v2\/media\/205268"}],"wp:attachment":[{"href":"https:\/\/visionpeninsular.com\/mid\/wp-json\/wp\/v2\/media?parent=205266"}],"wp:term":[{"taxonomy":"category","embeddable":true,"href":"https:\/\/visionpeninsular.com\/mid\/wp-json\/wp\/v2\/categories?post=205266"},{"taxonomy":"post_tag","embeddable":true,"href":"https:\/\/visionpeninsular.com\/mid\/wp-json\/wp\/v2\/tags?post=205266"}],"curies":[{"name":"wp","href":"https:\/\/api.w.org\/{rel}","templated":true}]}}