{"id":204766,"date":"2025-07-12T10:49:21","date_gmt":"2025-07-12T15:49:21","guid":{"rendered":"https:\/\/visionpeninsular.com\/mid\/?p=204766"},"modified":"2025-07-12T10:49:25","modified_gmt":"2025-07-12T15:49:25","slug":"cabildo-de-merida-impulsa-transparencia-y-orden-urbano","status":"publish","type":"post","link":"https:\/\/visionpeninsular.com\/mid\/cabildo-de-merida-impulsa-transparencia-y-orden-urbano\/","title":{"rendered":"Cabildo de M\u00e9rida Impulsa Transparencia y Orden Urbano"},"content":{"rendered":"\n<p>En reciente sesi\u00f3n de Cabildo, el Ayuntamiento de M\u00e9rida, bajo la direcci\u00f3n de Cecilia Patr\u00f3n Laviada, aprob\u00f3 un convenio con C\u00edrculo de Cr\u00e9dito y un reglamento para el uso del espacio p\u00fablico, buscando mayor transparencia y orden en la ciudad.<\/p>\n\n\n\n<h4>Convenio con C\u00edrculo de Cr\u00e9dito<\/h4>\n\n\n\n<p>Se aprob\u00f3 un convenio con C\u00edrculo de Cr\u00e9dito para fortalecer la transparencia y agilizar los cr\u00e9ditos fiscales representativos del Ayuntamiento. Esta medida busca mejorar la gesti\u00f3n financiera municipal.<\/p>\n\n\n\n<h4>Nuevo Reglamento del Espacio P\u00fablico<\/h4>\n\n\n\n<p>Asimismo, se dio luz verde al primer reglamento para el uso y aprovechamiento del espacio p\u00fablico. El objetivo es lograr una M\u00e9rida m\u00e1s ordenada y accesible para todos los ciudadanos.<\/p>\n\n\n\n<p>Estas decisiones reflejan el compromiso de la administraci\u00f3n de Cecilia Patr\u00f3n Laviada con la responsabilidad y la visi\u00f3n de construir una ciudad con orden y eficiencia.<\/p>\n<div class='share-to-whatsapp-wrapper'><div class='share-on-whsp'>Share on: <\/div><a data-text='Cabildo de M\u00e9rida Impulsa Transparencia y Orden Urbano' data-link='https:\/\/visionpeninsular.com\/mid\/cabildo-de-merida-impulsa-transparencia-y-orden-urbano\/' class='whatsapp-button whatsapp-share'>WhatsApp<\/a><div class='clear '><\/div><\/div>","protected":false},"excerpt":{"rendered":"<p>En reciente sesi\u00f3n de Cabildo, el Ayuntamiento de M\u00e9rida, bajo la direcci\u00f3n de Cecilia Patr\u00f3n Laviada, aprob\u00f3 un convenio con C\u00edrculo de Cr\u00e9dito y un reglamento para el uso del espacio p\u00fablico, buscando mayor transparencia y orden en la ciudad. Convenio con C\u00edrculo de Cr\u00e9dito Se aprob\u00f3 un convenio con C\u00edrculo de Cr\u00e9dito para fortalecer &hellip;<\/p>\n","protected":false},"author":1,"featured_media":204768,"comment_status":"open","ping_status":"open","sticky":false,"template":"","format":"standard","meta":{"_mi_skip_tracking":false},"categories":[49,37],"tags":[49165,10281,49166,13607,1698],"_links":{"self":[{"href":"https:\/\/visionpeninsular.com\/mid\/wp-json\/wp\/v2\/posts\/204766"}],"collection":[{"href":"https:\/\/visionpeninsular.com\/mid\/wp-json\/wp\/v2\/posts"}],"about":[{"href":"https:\/\/visionpeninsular.com\/mid\/wp-json\/wp\/v2\/types\/post"}],"author":[{"embeddable":true,"href":"https:\/\/visionpeninsular.com\/mid\/wp-json\/wp\/v2\/users\/1"}],"replies":[{"embeddable":true,"href":"https:\/\/visionpeninsular.com\/mid\/wp-json\/wp\/v2\/comments?post=204766"}],"version-history":[{"count":1,"href":"https:\/\/visionpeninsular.com\/mid\/wp-json\/wp\/v2\/posts\/204766\/revisions"}],"predecessor-version":[{"id":204769,"href":"https:\/\/visionpeninsular.com\/mid\/wp-json\/wp\/v2\/posts\/204766\/revisions\/204769"}],"wp:featuredmedia":[{"embeddable":true,"href":"https:\/\/visionpeninsular.com\/mid\/wp-json\/wp\/v2\/media\/204768"}],"wp:attachment":[{"href":"https:\/\/visionpeninsular.com\/mid\/wp-json\/wp\/v2\/media?parent=204766"}],"wp:term":[{"taxonomy":"category","embeddable":true,"href":"https:\/\/visionpeninsular.com\/mid\/wp-json\/wp\/v2\/categories?post=204766"},{"taxonomy":"post_tag","embeddable":true,"href":"https:\/\/visionpeninsular.com\/mid\/wp-json\/wp\/v2\/tags?post=204766"}],"curies":[{"name":"wp","href":"https:\/\/api.w.org\/{rel}","templated":true}]}}