{"id":204517,"date":"2025-07-05T17:23:30","date_gmt":"2025-07-05T22:23:30","guid":{"rendered":"https:\/\/visionpeninsular.com\/mid\/?p=204517"},"modified":"2025-07-05T17:23:34","modified_gmt":"2025-07-05T22:23:34","slug":"la-vaqueria-de-merida-celebrara-43-anos-ininterrumpidos","status":"publish","type":"post","link":"https:\/\/visionpeninsular.com\/mid\/la-vaqueria-de-merida-celebrara-43-anos-ininterrumpidos\/","title":{"rendered":"La Vaquer\u00eda de M\u00e9rida celebrar\u00e1 43 a\u00f1os ininterrumpidos"},"content":{"rendered":"\n<p>M\u00e9rida, 5 de julio 2025.- Con m\u00e1s de 80 bailarines en escena y orquesta en vivo, este lunes 7 de julio la Vaquer\u00eda Yucateca festejar\u00e1 su 43 aniversario con una colorida y alegre fiesta en punto de las 9 de la noche en los bajos del Palacio Municipal.<\/p>\n\n\n\n<p>Ataviadas con coloridos ternos y rosarios de filigrana y, los hombres, con filipina blanca y elegantes alpargatas, el grupo folkl\u00f3rico deleitar\u00e1 a los asistentes con repertorio musical que incluye los acordes de la jarana \u201cAires Yucatecos\u201d, sones y jaranas tan conocidas como \u201cNict\u00e9 Ha\u201d, \u201cLas mujeres que se pintan\u201d, \u201cChinito koy koy\u201d, entre muchas m\u00e1s, hasta llegar al tradicional son de jaleo, el \u201cTorito\u201d.<\/p>\n\n\n\n<p>Tambi\u00e9n participar\u00e1n los maestros Sergio C\u00e1mara Gurbiel, como declamador, y Ra\u00fal Lam Medina como conductor del programa.<\/p>\n\n\n\n<figure class=\"wp-block-image size-full\"><img loading=\"lazy\" width=\"600\" height=\"400\" src=\"https:\/\/visionpeninsular.com\/mid\/wp-content\/uploads\/2025\/07\/lavaque-muni.jpg\" alt=\"\" class=\"wp-image-204520\" srcset=\"https:\/\/visionpeninsular.com\/mid\/wp-content\/uploads\/2025\/07\/lavaque-muni.jpg 600w, https:\/\/visionpeninsular.com\/mid\/wp-content\/uploads\/2025\/07\/lavaque-muni-300x200.jpg 300w\" sizes=\"(max-width: 600px) 100vw, 600px\" \/><\/figure>\n\n\n\n<p>La historia de este espect\u00e1culo que se ha consolidado dentro del gusto del p\u00fablico local y extranjero inicia en 1982, cuando el director de Cultura y Turismo Luis P\u00e9rez Sabido, buscando un espacio digno para las presentaciones de la vaquer\u00eda a cargo del grupo folcl\u00f3rico de la instituci\u00f3n, realiz\u00f3 la adaptaci\u00f3n en la parte posterior del Palacio Municipal, actualmente conocido como El Jard\u00edn de los compositores.<\/p>\n\n\n\n<p>Debido al \u00e9xito, en 1985 a iniciativa del alcalde Herb\u00e9 Rodr\u00edguez Abraham, se trasladaron al frente del Palacio Municipal, donde hasta la fecha se siguen efectuando.<\/p>\n\n\n\n<p>Hace algunos a\u00f1os, a las presentaciones de la vaquer\u00eda se integraron los Ballets Folcl\u00f3ricos Representativo y Ballet Folcl\u00f3rico del Adulto Mayor, siendo actualmente 5 Ballets Folcl\u00f3ricos de alta calidad con los que cuenta el Ayuntamiento de M\u00e9rida, dirigidos por: Irene Andrade Burgos (Titular), Evelin Arz\u00e1palo Caballero (Infantil), Joel Agust\u00edn Baas (Juvenil), Jairo Ab\u00e1n Zapata (Representativo) y Omar Ortiz Canul (Adulto Mayor).<\/p>\n<div class='share-to-whatsapp-wrapper'><div class='share-on-whsp'>Share on: <\/div><a data-text='La Vaquer\u00eda de M\u00e9rida celebrar\u00e1 43 a\u00f1os ininterrumpidos' data-link='https:\/\/visionpeninsular.com\/mid\/la-vaqueria-de-merida-celebrara-43-anos-ininterrumpidos\/' class='whatsapp-button whatsapp-share'>WhatsApp<\/a><div class='clear '><\/div><\/div>","protected":false},"excerpt":{"rendered":"<p>M\u00e9rida, 5 de julio 2025.- Con m\u00e1s de 80 bailarines en escena y orquesta en vivo, este lunes 7 de julio la Vaquer\u00eda Yucateca festejar\u00e1 su 43 aniversario con una colorida y alegre fiesta en punto de las 9 de la noche en los bajos del Palacio Municipal. Ataviadas con coloridos ternos y rosarios de &hellip;<\/p>\n","protected":false},"author":5,"featured_media":204519,"comment_status":"open","ping_status":"open","sticky":false,"template":"","format":"standard","meta":{"_mi_skip_tracking":false},"categories":[49,37],"tags":[49047,41,5668,44748],"_links":{"self":[{"href":"https:\/\/visionpeninsular.com\/mid\/wp-json\/wp\/v2\/posts\/204517"}],"collection":[{"href":"https:\/\/visionpeninsular.com\/mid\/wp-json\/wp\/v2\/posts"}],"about":[{"href":"https:\/\/visionpeninsular.com\/mid\/wp-json\/wp\/v2\/types\/post"}],"author":[{"embeddable":true,"href":"https:\/\/visionpeninsular.com\/mid\/wp-json\/wp\/v2\/users\/5"}],"replies":[{"embeddable":true,"href":"https:\/\/visionpeninsular.com\/mid\/wp-json\/wp\/v2\/comments?post=204517"}],"version-history":[{"count":1,"href":"https:\/\/visionpeninsular.com\/mid\/wp-json\/wp\/v2\/posts\/204517\/revisions"}],"predecessor-version":[{"id":204521,"href":"https:\/\/visionpeninsular.com\/mid\/wp-json\/wp\/v2\/posts\/204517\/revisions\/204521"}],"wp:featuredmedia":[{"embeddable":true,"href":"https:\/\/visionpeninsular.com\/mid\/wp-json\/wp\/v2\/media\/204519"}],"wp:attachment":[{"href":"https:\/\/visionpeninsular.com\/mid\/wp-json\/wp\/v2\/media?parent=204517"}],"wp:term":[{"taxonomy":"category","embeddable":true,"href":"https:\/\/visionpeninsular.com\/mid\/wp-json\/wp\/v2\/categories?post=204517"},{"taxonomy":"post_tag","embeddable":true,"href":"https:\/\/visionpeninsular.com\/mid\/wp-json\/wp\/v2\/tags?post=204517"}],"curies":[{"name":"wp","href":"https:\/\/api.w.org\/{rel}","templated":true}]}}