{"id":20392,"date":"2017-01-21T13:25:36","date_gmt":"2017-01-21T19:25:36","guid":{"rendered":"http:\/\/visionpeninsular.com\/mid\/?p=20392"},"modified":"2017-01-21T13:25:36","modified_gmt":"2017-01-21T19:25:36","slug":"desaparece-nina-6-anos-al-salir-casa","status":"publish","type":"post","link":"https:\/\/visionpeninsular.com\/mid\/desaparece-nina-6-anos-al-salir-casa\/","title":{"rendered":"Desaparece ni\u00f1a de 6 a\u00f1os al salir de su casa"},"content":{"rendered":"<p><strong>PLAYA DEL CARMEN\u00a0Q. Roo.-<\/strong> El pasado 14 de enero, se report\u00f3 la desaparici\u00f3n de la menor, Jaireth Rodr\u00edguez Ledesma, de 6 a\u00f1os de edad, en el destino tur\u00edstico de Playa del Carmen.<\/p>\n<p>La ni\u00f1a fue vista por \u00faltima vez, al salir de su domicilio , sin que hasta el momento se conozca su paradero.<\/p>\n<p><b><\/b>El d\u00eda que Jaireth desapareci\u00f3<strong> vest\u00eda\u00a0una blusa color negra con unos mayones azules y sandalias blancas, <\/strong>sus caracter\u00edsticas f\u00edsicas son: cabello largo y ondulado de\u00a0color negro;\u00a0mide aproximadamente 1.20 metros de altura.<\/p>\n<div id=\"div-gpt-ad-inread\" data-google-query-id=\"CICdvJX509ECFdMOhgodBgkDtQ\">De \u00a0acuerdo con las\u00a0investigaciones de las autoridades la menor esta en compa\u00f1\u00eda de Gaudencio Falc\u00f3n Valencia y Lizbeth Ledesma Mart\u00ednez.<\/div>\n<p>La Fiscal\u00eda\u00a0de Justicia del Estado activ\u00f3\u00a0la\u00a0Alerta Amber ante el riesgo de que la menor pueda ser\u00a0v\u00edctima de\u00a0alg\u00fan delito.<\/p>\n<p>Las autoridades solicitan la colaboraci\u00f3n de la ciudadan\u00eda y ponen a disposici\u00f3n la siguiente l\u00ednea telef\u00f3nica: \u00a0 <strong>01-800-00-854-00,<\/strong> <strong>para informar sobre el paradero de la menor.<\/strong><\/p>\n<div class=\"ead-preview\"><div class=\"ead-document\" style=\"position: relative;padding-top: 90%;\"><div class=\"ead-iframe-wrapper\"><iframe src=\"\/\/docs.google.com\/viewer?url=http%3A%2F%2Fvisionpeninsular.com%2Fmid%2Fwp-content%2Fuploads%2F2017%2F01%2Fene.19.17_activacion_aamx_colab._q._roo_-_jaireth_rdz.pdf&amp;embedded=true&amp;hl=en\" title=\"Adjuntar Documento\" class=\"ead-iframe\" style=\"width: 100%;height: 100%;border: none;position: absolute;left: 0;top: 0;visibility: hidden;\"><\/iframe><\/div>\t\t\t<div class=\"ead-document-loading\" style=\"width:100%;height:100%;position:absolute;left:0;top:0;z-index:10;\">\n\t\t\t\t<div class=\"ead-loading-wrap\">\n\t\t\t\t\t<div class=\"ead-loading-main\">\n\t\t\t\t\t\t<div class=\"ead-loading\">\n\t\t\t\t\t\t\t<img src=\"https:\/\/visionpeninsular.com\/mid\/wp-content\/plugins\/embed-any-document\/images\/loading.svg\" width=\"55\" height=\"55\" alt=\"Cargador\">\n\t\t\t\t\t\t\t<span>Cargando...<\/span>\n\t\t\t\t\t\t<\/div>\n\t\t\t\t\t<\/div>\n\t\t\t\t\t<div class=\"ead-loading-foot\">\n\t\t\t\t\t\t<div class=\"ead-loading-foot-title\">\n\t\t\t\t\t\t\t<img src=\"https:\/\/visionpeninsular.com\/mid\/wp-content\/plugins\/embed-any-document\/images\/EAD-logo.svg\" alt=\"Logotipo de EAD\" width=\"36\" height=\"23\"\/>\n\t\t\t\t\t\t\t<span>\u00bfTarda demasiado?<\/span>\n\t\t\t\t\t\t<\/div>\n\t\t\t\t\t\t<p>\n\t\t\t\t\t\t\t<div class=\"ead-document-btn ead-reload-btn\" role=\"button\">\n\t\t\t\t\t\t\t\t<img src=\"https:\/\/visionpeninsular.com\/mid\/wp-content\/plugins\/embed-any-document\/images\/reload.svg\" alt=\"Recargar\" width=\"12\" height=\"12\"\/> Recargar el documento\t\t\t\t\t\t\t<\/div>\n\t\t\t\t\t\t\t<span>|<\/span>\n\t\t\t\t\t\t\t<a href=\"http:\/\/visionpeninsular.com\/mid\/wp-content\/uploads\/2017\/01\/ene.19.17_activacion_aamx_colab._q._roo_-_jaireth_rdz.pdf\" class=\"ead-document-btn\" target=\"_blank\">\n\t\t\t\t\t\t\t\t<img src=\"https:\/\/visionpeninsular.com\/mid\/wp-content\/plugins\/embed-any-document\/images\/open.svg\" alt=\"Abrir\" width=\"12\" height=\"12\"\/> Abrir en una nueva pesta\u00f1a\t\t\t\t\t\t\t<\/a>\n\t\t\t\t\t<\/div>\n\t\t\t\t<\/div>\n\t\t\t<\/div>\n\t\t<\/div><p class=\"embed_download\"><a href=\"http:\/\/visionpeninsular.com\/mid\/wp-content\/uploads\/2017\/01\/ene.19.17_activacion_aamx_colab._q._roo_-_jaireth_rdz.pdf\" download >Descargar <\/a><\/p><\/div>\n<div class='share-to-whatsapp-wrapper'><div class='share-on-whsp'>Share on: <\/div><a data-text='Desaparece ni\u00f1a de 6 a\u00f1os al salir de su casa' data-link='https:\/\/visionpeninsular.com\/mid\/desaparece-nina-6-anos-al-salir-casa\/' class='whatsapp-button whatsapp-share'>WhatsApp<\/a><div class='clear '><\/div><\/div>","protected":false},"excerpt":{"rendered":"<p>PLAYA DEL CARMEN\u00a0Q. Roo.- El pasado 14 de enero, se report\u00f3 la desaparici\u00f3n de la menor, Jaireth Rodr\u00edguez Ledesma, de 6 a\u00f1os de edad, en el destino tur\u00edstico de Playa del Carmen. La ni\u00f1a fue vista por \u00faltima vez, al salir de su domicilio , sin que hasta el momento se conozca su paradero. El &hellip;<\/p>\n","protected":false},"author":1,"featured_media":20393,"comment_status":"open","ping_status":"open","sticky":false,"template":"","format":"standard","meta":{"_mi_skip_tracking":false},"categories":[47],"tags":[672],"_links":{"self":[{"href":"https:\/\/visionpeninsular.com\/mid\/wp-json\/wp\/v2\/posts\/20392"}],"collection":[{"href":"https:\/\/visionpeninsular.com\/mid\/wp-json\/wp\/v2\/posts"}],"about":[{"href":"https:\/\/visionpeninsular.com\/mid\/wp-json\/wp\/v2\/types\/post"}],"author":[{"embeddable":true,"href":"https:\/\/visionpeninsular.com\/mid\/wp-json\/wp\/v2\/users\/1"}],"replies":[{"embeddable":true,"href":"https:\/\/visionpeninsular.com\/mid\/wp-json\/wp\/v2\/comments?post=20392"}],"version-history":[{"count":2,"href":"https:\/\/visionpeninsular.com\/mid\/wp-json\/wp\/v2\/posts\/20392\/revisions"}],"predecessor-version":[{"id":20396,"href":"https:\/\/visionpeninsular.com\/mid\/wp-json\/wp\/v2\/posts\/20392\/revisions\/20396"}],"wp:featuredmedia":[{"embeddable":true,"href":"https:\/\/visionpeninsular.com\/mid\/wp-json\/wp\/v2\/media\/20393"}],"wp:attachment":[{"href":"https:\/\/visionpeninsular.com\/mid\/wp-json\/wp\/v2\/media?parent=20392"}],"wp:term":[{"taxonomy":"category","embeddable":true,"href":"https:\/\/visionpeninsular.com\/mid\/wp-json\/wp\/v2\/categories?post=20392"},{"taxonomy":"post_tag","embeddable":true,"href":"https:\/\/visionpeninsular.com\/mid\/wp-json\/wp\/v2\/tags?post=20392"}],"curies":[{"name":"wp","href":"https:\/\/api.w.org\/{rel}","templated":true}]}}