{"id":20380,"date":"2017-01-21T08:14:32","date_gmt":"2017-01-21T14:14:32","guid":{"rendered":"http:\/\/visionpeninsular.com\/mid\/?p=20380"},"modified":"2017-01-20T23:08:56","modified_gmt":"2017-01-21T05:08:56","slug":"la_mascara_de_calakmul","status":"publish","type":"post","link":"https:\/\/visionpeninsular.com\/mid\/la_mascara_de_calakmul\/","title":{"rendered":"La M\u00e1scara de Calakmul regresa a Campeche"},"content":{"rendered":"<p>Considerada una obra maestra del arte maya, la famosa M\u00e1scara de Calakmul se exhibir\u00e1 en el Museo de Arquitectura Maya Baluarte de la Soledad, con lo cual regresa a su lugar de origen: Campeche, luego de recorrer diversas ciudades de M\u00e9xico y del extranjero como parte de diversas exposiciones.<\/p>\n<p>La pieza, elaborada en mosaico de jade, concha y obsidiana gris, reconocida como la Embajadora de Campeche ante el mundo, se suma as\u00ed al resto del ajuar funerario de un gobernante de la Dinast\u00eda Kaan, a quien pertenec\u00eda la Tumba 1 de la Estructura VII de la Zona Arqueol\u00f3gica de Calakmul.<\/p>\n<p>Hallada a principios de los a\u00f1os 80 por el arque\u00f3logo William J. Folan, la m\u00e1scara conjunta todos los elementos del pensamiento y la cosmovisi\u00f3n de la antigua cultura maya. Fechada entre los a\u00f1os 660 y 750 d.C., destaca por su belleza y connotaci\u00f3n sagrada.<\/p>\n<p>Est\u00e1 compuesta por 57 teselas de jade, dos cuentas de obsidiana y una concha, y se sabe que representa el rostro de un gobernante, cuya nariz y labios est\u00e1n hechos en una sola pieza, los ojos simulan dos pupilas de obsidiana gris sobre dos c\u00edrculos de concha n\u00e1car y las cejas son de pirita.<\/p>\n<p>Las orejeras tienen la forma de una flor de cuatro p\u00e9talos que representa el modelo cosmog\u00f3nico mesoamericano de cuatro esquinas y un centro.<\/p>\n<p>El jade, componente esencial de las m\u00e1scaras funerarias de los soberanos mayas, era una piedra asociada al agua y se le relacionaba con el cielo y el mar primordial de la creaci\u00f3n, como s\u00edmbolo de aliento vital, fertilidad y renacimiento.<\/p>\n<p>Las m\u00e1scaras acompa\u00f1aban a los grandes se\u00f1ores en su viaje al inframundo. Los materiales importados desde regiones distantes muestran el poder y riqueza de los gobernantes de Calakmul, quienes ostentaban el t\u00edtulo de K\u2019uhul Ajaw con el que reclamaban un origen divino ante la sociedad bajo su control.<\/p>\n<p>Claudia Escalante, directora de Museos del Instituto Nacional de Antropolog\u00eda e Historia (INAH) en Campeche, destac\u00f3 que el Museo de Arquitectura Maya Baluarte de la Soledad alberga piezas extraordinarias, provenientes de las cuatro regiones arquitect\u00f3nicas de la cultura maya:<\/p>\n<p>Estelas, tapas de b\u00f3veda, banquetas, columnas y jambas de gran importancia art\u00edstica y patrimonial, \u201cpero el que la M\u00e1scara de Calakmul sea reconocida por propios y extra\u00f1os como la \u2018Embajadora de Campeche ante el mundo\u2019, la convierte en la pieza ic\u00f3nica de nuestro museo\u201d, asegur\u00f3.<\/p>\n<p>Puso \u00e9nfasis en que la pieza ha formado parte de diversas exhibiciones, desde que comenz\u00f3 su recorrido en 2004, cuando se present\u00f3 en la muestra \u201cEl arte cortesano de los antiguos mayas\u201d, en la National Gallery of Art, en Washington, D.C., y culmin\u00f3 en octubre de 2015 con la exposici\u00f3n \u201cLa M\u00e1scara de Calakmul. Universo de jade\u201d, en el Museo Nacional de Antropolog\u00eda.<\/p>\n<div class='share-to-whatsapp-wrapper'><div class='share-on-whsp'>Share on: <\/div><a data-text='La M\u00e1scara de Calakmul regresa a Campeche' data-link='https:\/\/visionpeninsular.com\/mid\/la_mascara_de_calakmul\/' class='whatsapp-button whatsapp-share'>WhatsApp<\/a><div class='clear '><\/div><\/div>","protected":false},"excerpt":{"rendered":"<p>Considerada una obra maestra del arte maya, la famosa M\u00e1scara de Calakmul se exhibir\u00e1 en el Museo de Arquitectura Maya Baluarte de la Soledad, con lo cual regresa a su lugar de origen: Campeche, luego de recorrer diversas ciudades de M\u00e9xico y del extranjero como parte de diversas exposiciones. La pieza, elaborada en mosaico de &hellip;<\/p>\n","protected":false},"author":1,"featured_media":20381,"comment_status":"open","ping_status":"open","sticky":false,"template":"","format":"standard","meta":{"_mi_skip_tracking":false},"categories":[46],"tags":[736],"_links":{"self":[{"href":"https:\/\/visionpeninsular.com\/mid\/wp-json\/wp\/v2\/posts\/20380"}],"collection":[{"href":"https:\/\/visionpeninsular.com\/mid\/wp-json\/wp\/v2\/posts"}],"about":[{"href":"https:\/\/visionpeninsular.com\/mid\/wp-json\/wp\/v2\/types\/post"}],"author":[{"embeddable":true,"href":"https:\/\/visionpeninsular.com\/mid\/wp-json\/wp\/v2\/users\/1"}],"replies":[{"embeddable":true,"href":"https:\/\/visionpeninsular.com\/mid\/wp-json\/wp\/v2\/comments?post=20380"}],"version-history":[{"count":1,"href":"https:\/\/visionpeninsular.com\/mid\/wp-json\/wp\/v2\/posts\/20380\/revisions"}],"predecessor-version":[{"id":20382,"href":"https:\/\/visionpeninsular.com\/mid\/wp-json\/wp\/v2\/posts\/20380\/revisions\/20382"}],"wp:featuredmedia":[{"embeddable":true,"href":"https:\/\/visionpeninsular.com\/mid\/wp-json\/wp\/v2\/media\/20381"}],"wp:attachment":[{"href":"https:\/\/visionpeninsular.com\/mid\/wp-json\/wp\/v2\/media?parent=20380"}],"wp:term":[{"taxonomy":"category","embeddable":true,"href":"https:\/\/visionpeninsular.com\/mid\/wp-json\/wp\/v2\/categories?post=20380"},{"taxonomy":"post_tag","embeddable":true,"href":"https:\/\/visionpeninsular.com\/mid\/wp-json\/wp\/v2\/tags?post=20380"}],"curies":[{"name":"wp","href":"https:\/\/api.w.org\/{rel}","templated":true}]}}