{"id":20377,"date":"2017-01-21T08:10:04","date_gmt":"2017-01-21T14:10:04","guid":{"rendered":"http:\/\/visionpeninsular.com\/mid\/?p=20377"},"modified":"2017-01-20T22:59:25","modified_gmt":"2017-01-21T04:59:25","slug":"despues-20-anos-imss-ampliara-infraestructura-medica-en-campeche","status":"publish","type":"post","link":"https:\/\/visionpeninsular.com\/mid\/despues-20-anos-imss-ampliara-infraestructura-medica-en-campeche\/","title":{"rendered":"Despu\u00e9s de 20 a\u00f1os el IMSS ampliar\u00e1 infraestructura m\u00e9dica en Campeche"},"content":{"rendered":"<p class=\"letter-capitular\">Con una <strong>inversi\u00f3n de 100 millones de pesos<\/strong>, el <strong>Instituto Mexicano del Seguro Social (IMSS) <\/strong>ampliar\u00e1 su cobertura m\u00e9dica en <strong>Campeche<\/strong>, infraestructura que durante 20 a\u00f1os no hab\u00eda crecido, con la finalidad de fortalecer la atenci\u00f3n m\u00e9dica y prestaciones sociales, anunci\u00f3 el Director General del Instituto, <strong>Mikel Arriola<\/strong>, durante la gira de trabajo por Campeche.<\/p>\n<div class=\"teads-inread\">Ante el Gobernador <strong>Alejandro Moreno C\u00e1rdenas<\/strong>, el titular del IMSS inform\u00f3 que se construir\u00e1 una nueva Unidad de Medicina Familiar en Ciudad del Carmen y una guarder\u00eda con capacidad de 200 lugares, as\u00ed como obras de ampliaci\u00f3n en diversas unidades m\u00e9dicas del estado y la remodelaci\u00f3n de cinco quir\u00f3fanos que ya est\u00e1n en servicio.<\/div>\n<p>Destac\u00f3 que esta inversi\u00f3n ser\u00e1 posible gracias que el Seguro Social, durante el gobierno del Presidente de la Rep\u00fablica, Enrique Pe\u00f1a Nieto, opera con n\u00fameros negros. \u201c\u00c9l tom\u00f3 el IMSS quebrado, se hab\u00edan gastado todas las reservas financieras y hoy reportamos un super\u00e1vit de seis mil 388 millones de pesos\u201d, subray\u00f3 Mikel Arriola.<\/p>\n<p>Adem\u00e1s, con el objetivo de beneficiar con educaci\u00f3n preescolar a 229 ni\u00f1as y ni\u00f1os de entre tres y cuatro a\u00f1os de edad, inscritos en las siete guarder\u00edas del Instituto en Campeche, el Director General del IMSS recibi\u00f3 folios con la autorizaci\u00f3n de validez oficial de manos del Gobernador, por lo que esta entidad se convierte en la onceava que brindar\u00e1 educaci\u00f3n inicial.<\/p>\n<p>En el evento, realizado en la <strong>Planta de Todo en Microescala, S.A. de C.V.<\/strong>, el titular del Instituto se\u00f1al\u00f3 que las madres trabajadoras ya no tendr\u00e1n que sacar a sus hijos de la guarder\u00eda y llevarlos a un k\u00ednder particular o p\u00fablico para recibir educaci\u00f3n preescolar, pues ser\u00e1 el propio IMSS el que les brindar\u00e1 este servicio.<\/p>\n<p>Este programa es parte de las prestaciones del Instituto para respaldar la econom\u00eda de los hogares, como parte del Acuerdo para el Fortalecimiento Econ\u00f3mico y la Protecci\u00f3n de la Econom\u00eda Familiar.<\/p>\n<p>En su oportunidad, el Gobernador Moreno C\u00e1rdenas se\u00f1al\u00f3 que despu\u00e9s de 20 a\u00f1os, el Seguro Social invierte en infraestructura m\u00e9dica para el estado. \u201cEste d\u00eda damos paso a un convenio fundamental para las ni\u00f1as y los ni\u00f1os de este pa\u00eds, que ayuda, que fortalece y que prepara, poder impartir educaci\u00f3n preescolar en las guarder\u00edas del IMSS; adem\u00e1s, agradezco mucho a Mikel Arriola su compromiso de anunciar otra estancia infantil\u201d, destac\u00f3 el mandatario.<\/p>\n<p>Por su parte, la se\u00f1ora Cristina Anah\u00ed Rodr\u00edguez \u00c1vila, dijo que como muchas madres de familia, ella deja a su hija en la guarder\u00edas del Instituto \u201cy me voy tranquila \u2013destac\u00f3\u2013 a cumplir con mis labores de trabajo, sabiendo que est\u00e1 bien cuidada, atendida, que recibe los alimentos adecuados y que desarrolla seguridad, creatividad y convive con otros ni\u00f1os. Lo que ahora aprenda ser\u00e1 la base para recibir la educaci\u00f3n en preescolar\u201d.<\/p>\n<p><img loading=\"lazy\" class=\"Image img__fid__1604612 img__view_mode__media_original attr__format__media_original\" src=\"http:\/\/www.excelsior.com.mx\/media\/imss_1.jpg\" alt=\"\" width=\"580\" height=\"373\" \/><\/p>\n<p>Durante su gira de trabajo por esta entidad, el titular del Seguro Social realiz\u00f3 tambi\u00e9n un recorrido por el Hospital General de Zona con Medicina Familiar (HGZ\/MF) No. 1 de Campeche, en el cual reinaugur\u00f3 el \u00e1rea de hospitalizaci\u00f3n de cirug\u00eda y especialidades y constat\u00f3 la remodelaci\u00f3n de quir\u00f3fanos.<\/p>\n<p>Tambi\u00e9n evalu\u00f3 el servicio en programas implementados en la actual administraci\u00f3n, como gesti\u00f3n de camas, cirug\u00edas de fin de semana, Unifila (para brindar atenci\u00f3n oportuna a pacientes sin cita), referencia con el especialista y atenci\u00f3n en urgencias en el Triage (que califica la urgencia de acuerdo a los s\u00edntomas del paciente para brindarle atenci\u00f3n en menos de cinco minutos) del HGZ\/MF No. 1, que atiende a m\u00e1s de 83 mil derechohabientes.<\/p>\n<p>Lo acompa\u00f1aron por Campeche el Director de Prestaciones Econ\u00f3micas y Sociales, Igor Rosette Valencia; el titular de la Unidad de Evaluaci\u00f3n de Delegaciones, Antonio Grimaldo Monroy, y el delegado del Instituto en Campeche, Rafael Rodr\u00edguez Cabrera.<\/p>\n<p>Fuente: <a href=\"http:\/\/www.excelsior.com.mx\/nacional\/2017\/01\/20\/1141190\">Excelsior<\/a><\/p>\n<div class='share-to-whatsapp-wrapper'><div class='share-on-whsp'>Share on: <\/div><a data-text='Despu\u00e9s de 20 a\u00f1os el IMSS ampliar\u00e1 infraestructura m\u00e9dica en Campeche' data-link='https:\/\/visionpeninsular.com\/mid\/despues-20-anos-imss-ampliara-infraestructura-medica-en-campeche\/' class='whatsapp-button whatsapp-share'>WhatsApp<\/a><div class='clear '><\/div><\/div>","protected":false},"excerpt":{"rendered":"<p>Con una inversi\u00f3n de 100 millones de pesos, el Instituto Mexicano del Seguro Social (IMSS) ampliar\u00e1 su cobertura m\u00e9dica en Campeche, infraestructura que durante 20 a\u00f1os no hab\u00eda crecido, con la finalidad de fortalecer la atenci\u00f3n m\u00e9dica y prestaciones sociales, anunci\u00f3 el Director General del Instituto, Mikel Arriola, durante la gira de trabajo por Campeche. &hellip;<\/p>\n","protected":false},"author":1,"featured_media":20378,"comment_status":"open","ping_status":"open","sticky":false,"template":"","format":"standard","meta":{"_mi_skip_tracking":false},"categories":[45],"tags":[],"_links":{"self":[{"href":"https:\/\/visionpeninsular.com\/mid\/wp-json\/wp\/v2\/posts\/20377"}],"collection":[{"href":"https:\/\/visionpeninsular.com\/mid\/wp-json\/wp\/v2\/posts"}],"about":[{"href":"https:\/\/visionpeninsular.com\/mid\/wp-json\/wp\/v2\/types\/post"}],"author":[{"embeddable":true,"href":"https:\/\/visionpeninsular.com\/mid\/wp-json\/wp\/v2\/users\/1"}],"replies":[{"embeddable":true,"href":"https:\/\/visionpeninsular.com\/mid\/wp-json\/wp\/v2\/comments?post=20377"}],"version-history":[{"count":1,"href":"https:\/\/visionpeninsular.com\/mid\/wp-json\/wp\/v2\/posts\/20377\/revisions"}],"predecessor-version":[{"id":20379,"href":"https:\/\/visionpeninsular.com\/mid\/wp-json\/wp\/v2\/posts\/20377\/revisions\/20379"}],"wp:featuredmedia":[{"embeddable":true,"href":"https:\/\/visionpeninsular.com\/mid\/wp-json\/wp\/v2\/media\/20378"}],"wp:attachment":[{"href":"https:\/\/visionpeninsular.com\/mid\/wp-json\/wp\/v2\/media?parent=20377"}],"wp:term":[{"taxonomy":"category","embeddable":true,"href":"https:\/\/visionpeninsular.com\/mid\/wp-json\/wp\/v2\/categories?post=20377"},{"taxonomy":"post_tag","embeddable":true,"href":"https:\/\/visionpeninsular.com\/mid\/wp-json\/wp\/v2\/tags?post=20377"}],"curies":[{"name":"wp","href":"https:\/\/api.w.org\/{rel}","templated":true}]}}