{"id":203602,"date":"2025-06-10T15:01:59","date_gmt":"2025-06-10T20:01:59","guid":{"rendered":"https:\/\/visionpeninsular.com\/mid\/?p=203602"},"modified":"2025-06-10T15:02:01","modified_gmt":"2025-06-10T20:02:01","slug":"periodistas-conmemoran-dia-de-la-libertad-de-expresion","status":"publish","type":"post","link":"https:\/\/visionpeninsular.com\/mid\/periodistas-conmemoran-dia-de-la-libertad-de-expresion\/","title":{"rendered":"Periodistas conmemoran D\u00eda de la Libertad de Expresi\u00f3n"},"content":{"rendered":"\n<p>M\u00e9rida, 10 de junio, 2025.- Como cada a\u00f1o desde su fundaci\u00f3n, la Uni\u00f3n de Periodistas Independientes de Yucat\u00e1n Eligio Ancona, se sum\u00f3 a la conmemoraci\u00f3n del 7 de junio, D\u00eda de la Libre Expresi\u00f3n y Prensa en Yucat\u00e1n.<\/p>\n\n\n\n<p>La agrupaci\u00f3n coloc\u00f3 su ofrenda floral ante el busto del Pr\u00f3cer, abogado, historiador, novelista, magistrado, agrarista, pol\u00edtico, Gobernador, pero tambi\u00e9n periodista independiente Eligio Ancona Castillo y dio a conocer a los cinco periodistas homenajeados con la Pluma de Oro 2025 a Toda una vida en el Periodismo.<\/p>\n\n\n\n<p>El galard\u00f3n, que se entrega desde hace seis a\u00f1os, se dar\u00e1 en fecha posterior a los periodistas Rosa Ram\u00edrez Cort\u00e9s, Jos\u00e9 Pereyra Cervantes, Juan Venegas Tolosa, Israel Medina Castillo y Alejandro S\u00e1nchez M\u00e9zquita.<\/p>\n\n\n\n<p>El presidente de la Uni\u00f3n, Daniel Barquet Loeza, dirigi\u00f3 unas palabras destacando el esp\u00edritu del periodismo independiente y con responsabilidad social.<\/p>\n\n\n\n<p>Recuerdan legado de Eligio Ancona<\/p>\n\n\n\n<p>Record\u00f3 que en 1866 Eligio Ancona, en su informativo Yucat\u00e1n, hizo p\u00fablico el contubernio entre autoridades y empresarios de la \u00e9poca, secuestrando a ind\u00edgenas mayas e indigentes en M\u00e9rida, para enviarlos como esclavos a plantaciones en Cuba.<\/p>\n\n\n\n<p>Las autoridades apresaron a Ancona, destruyeron su imprenta y lo enviaron al exilio en Cozumel tras la revelaci\u00f3n period\u00edstica.<\/p>\n\n\n\n<p>David Heredia Monta\u00f1ez, junto con el laureado periodista y escritor Mariano Quintal Yam, integrantes de la agrupaci\u00f3n, fueron los encargados de colocar la ofrenda floral ante el busto ubicado en el cruce de las avenidas Cupules y Reforma en la ciudad de M\u00e9rida.<\/p>\n\n\n\n<p>Los miembros de la Uni\u00f3n de Periodistas Independientes realizaron una guardia de honor y tambi\u00e9n participaron delegaciones de Progreso y del sur del Estado, as\u00ed como presidentes de otras agrupaciones que, en conjunto con la Eligio Ancona, promueven desde hace dos a\u00f1os la creaci\u00f3n de una Ley de Protecci\u00f3n y Atenci\u00f3n a Periodistas en Yucat\u00e1n, una deuda que el Poder Legislativo tiene con quienes ejercen dicha profesi\u00f3n.<\/p>\n<div class='share-to-whatsapp-wrapper'><div class='share-on-whsp'>Share on: <\/div><a data-text='Periodistas conmemoran D\u00eda de la Libertad de Expresi\u00f3n' data-link='https:\/\/visionpeninsular.com\/mid\/periodistas-conmemoran-dia-de-la-libertad-de-expresion\/' class='whatsapp-button whatsapp-share'>WhatsApp<\/a><div class='clear '><\/div><\/div>","protected":false},"excerpt":{"rendered":"<p>M\u00e9rida, 10 de junio, 2025.- Como cada a\u00f1o desde su fundaci\u00f3n, la Uni\u00f3n de Periodistas Independientes de Yucat\u00e1n Eligio Ancona, se sum\u00f3 a la conmemoraci\u00f3n del 7 de junio, D\u00eda de la Libre Expresi\u00f3n y Prensa en Yucat\u00e1n. La agrupaci\u00f3n coloc\u00f3 su ofrenda floral ante el busto del Pr\u00f3cer, abogado, historiador, novelista, magistrado, agrarista, pol\u00edtico, &hellip;<\/p>\n","protected":false},"author":5,"featured_media":203604,"comment_status":"open","ping_status":"open","sticky":false,"template":"","format":"standard","meta":{"_mi_skip_tracking":false},"categories":[50,37],"tags":[16323,48535,22972,48534],"_links":{"self":[{"href":"https:\/\/visionpeninsular.com\/mid\/wp-json\/wp\/v2\/posts\/203602"}],"collection":[{"href":"https:\/\/visionpeninsular.com\/mid\/wp-json\/wp\/v2\/posts"}],"about":[{"href":"https:\/\/visionpeninsular.com\/mid\/wp-json\/wp\/v2\/types\/post"}],"author":[{"embeddable":true,"href":"https:\/\/visionpeninsular.com\/mid\/wp-json\/wp\/v2\/users\/5"}],"replies":[{"embeddable":true,"href":"https:\/\/visionpeninsular.com\/mid\/wp-json\/wp\/v2\/comments?post=203602"}],"version-history":[{"count":1,"href":"https:\/\/visionpeninsular.com\/mid\/wp-json\/wp\/v2\/posts\/203602\/revisions"}],"predecessor-version":[{"id":203605,"href":"https:\/\/visionpeninsular.com\/mid\/wp-json\/wp\/v2\/posts\/203602\/revisions\/203605"}],"wp:featuredmedia":[{"embeddable":true,"href":"https:\/\/visionpeninsular.com\/mid\/wp-json\/wp\/v2\/media\/203604"}],"wp:attachment":[{"href":"https:\/\/visionpeninsular.com\/mid\/wp-json\/wp\/v2\/media?parent=203602"}],"wp:term":[{"taxonomy":"category","embeddable":true,"href":"https:\/\/visionpeninsular.com\/mid\/wp-json\/wp\/v2\/categories?post=203602"},{"taxonomy":"post_tag","embeddable":true,"href":"https:\/\/visionpeninsular.com\/mid\/wp-json\/wp\/v2\/tags?post=203602"}],"curies":[{"name":"wp","href":"https:\/\/api.w.org\/{rel}","templated":true}]}}