{"id":203582,"date":"2025-06-10T13:43:35","date_gmt":"2025-06-10T18:43:35","guid":{"rendered":"https:\/\/visionpeninsular.com\/mid\/?p=203582"},"modified":"2025-06-10T13:43:37","modified_gmt":"2025-06-10T18:43:37","slug":"amisy-reitera-la-denuncia-por-inelegibilidad-de-hernan-vega-burgos","status":"publish","type":"post","link":"https:\/\/visionpeninsular.com\/mid\/amisy-reitera-la-denuncia-por-inelegibilidad-de-hernan-vega-burgos\/","title":{"rendered":"AMISY reitera la denuncia por inelegibilidad de Hern\u00e1n Vega Burgos"},"content":{"rendered":"\n<p>M\u00e9rida, 10 de junio, 2025.- La Agenda de las Mujeres por la Igualdad Sustantiva en Yucat\u00e1n (AMISY), representada por las maestras Mar\u00eda Eugenia N\u00fa\u00f1ez Zapata y Lydia Laucirica Guanche, de nueva cuenta presentaron ante el IEPAC la denuncia contra la inelegibilidad de Hern\u00e1n Vega Burgos como magistrado, ya que pesan en su haber graves denuncias como trata y explotaci\u00f3n de personas, razones que le impiden aspirar a un cargo p\u00fablico.<\/p>\n\n\n\n<figure class=\"wp-block-image size-full\"><img loading=\"lazy\" width=\"400\" height=\"300\" src=\"https:\/\/visionpeninsular.com\/mid\/wp-content\/uploads\/2025\/06\/ellas-denuncuan.jpg\" alt=\"\" class=\"wp-image-203585\" srcset=\"https:\/\/visionpeninsular.com\/mid\/wp-content\/uploads\/2025\/06\/ellas-denuncuan.jpg 400w, https:\/\/visionpeninsular.com\/mid\/wp-content\/uploads\/2025\/06\/ellas-denuncuan-300x225.jpg 300w\" sizes=\"(max-width: 400px) 100vw, 400px\" \/><\/figure>\n\n\n\n<p>Esta denuncia se &nbsp;basa en la Ley 3de3 contra la violencia en contra de las mujeres que se\u00f1ala que ning\u00fan agresor, deudor alimentario o personas con denuncias penales no pueden ser candidatos a ning\u00fan cargo p\u00fablico ni de elecci\u00f3n popular.<\/p>\n\n\n\n<figure class=\"wp-block-image size-full\"><img loading=\"lazy\" width=\"400\" height=\"572\" src=\"https:\/\/visionpeninsular.com\/mid\/wp-content\/uploads\/2025\/06\/lydia-y-maru.jpg\" alt=\"\" class=\"wp-image-203586\" srcset=\"https:\/\/visionpeninsular.com\/mid\/wp-content\/uploads\/2025\/06\/lydia-y-maru.jpg 400w, https:\/\/visionpeninsular.com\/mid\/wp-content\/uploads\/2025\/06\/lydia-y-maru-210x300.jpg 210w\" sizes=\"(max-width: 400px) 100vw, 400px\" \/><\/figure>\n\n\n\n<p>Es as\u00ed como que para aspirar al cargo de magistrado, el Art\u00edculo 65 de los requisitos para aspirar al cargo se requiere ser mexicano de nacimiento y tener adem\u00e1s la calidad de ciudadano yucateco, estar en plenos ejercicio de sus derechos pol\u00edticos y civiles y gozar de buena reputaci\u00f3n as\u00ed como poseer el t\u00edtulo profesional de abogado o licenciado en derecho con antig\u00fcedad m\u00ednima de 10 a\u00f1os y no haber sido sentenciado por por autoridad judicial competente o port actos de corrupci\u00f3n que ameriten la inhabilitaci\u00f3n para ejercer cargos p\u00fablicos.<\/p>\n\n\n\n<p>Asimismo, no tener antecedentes de violencia familiar, hostigamiento sexual, acoso sexual, violaci\u00f3n estupro o feminicidio.<\/p>\n\n\n\n<p>Tomando en cuenta los antecedentes del mencionado Hern\u00e1n Vega Burgos, se han violado flagrantemente tanto Ley 3de3, como los art\u00edculos relativos a los requisitos para ser candidatos a un puesto de elecci\u00f3n popular.<\/p>\n\n\n\n<p>Es por esto, que AMISY, se ha dado la tarea de denunciar a aquellas personas que no cuentan con el debido y correcto historial para acceder a un cargo p\u00fablico, como en el caso que nos ocupa.<\/p>\n\n\n\n<figure class=\"wp-block-image size-full\"><img loading=\"lazy\" width=\"400\" height=\"525\" src=\"https:\/\/visionpeninsular.com\/mid\/wp-content\/uploads\/2025\/06\/denuncia-vega-portada.jpg\" alt=\"\" class=\"wp-image-203587\" srcset=\"https:\/\/visionpeninsular.com\/mid\/wp-content\/uploads\/2025\/06\/denuncia-vega-portada.jpg 400w, https:\/\/visionpeninsular.com\/mid\/wp-content\/uploads\/2025\/06\/denuncia-vega-portada-229x300.jpg 229w\" sizes=\"(max-width: 400px) 100vw, 400px\" \/><\/figure>\n\n\n\n<figure class=\"wp-block-image size-full\"><img loading=\"lazy\" width=\"400\" height=\"533\" src=\"https:\/\/visionpeninsular.com\/mid\/wp-content\/uploads\/2025\/06\/denuncia-vega-1.jpg\" alt=\"\" class=\"wp-image-203588\" srcset=\"https:\/\/visionpeninsular.com\/mid\/wp-content\/uploads\/2025\/06\/denuncia-vega-1.jpg 400w, https:\/\/visionpeninsular.com\/mid\/wp-content\/uploads\/2025\/06\/denuncia-vega-1-225x300.jpg 225w\" sizes=\"(max-width: 400px) 100vw, 400px\" \/><\/figure>\n\n\n\n<figure class=\"wp-block-image size-full\"><img loading=\"lazy\" width=\"400\" height=\"533\" src=\"https:\/\/visionpeninsular.com\/mid\/wp-content\/uploads\/2025\/06\/denuncia-vega-2.jpg\" alt=\"\" class=\"wp-image-203589\" srcset=\"https:\/\/visionpeninsular.com\/mid\/wp-content\/uploads\/2025\/06\/denuncia-vega-2.jpg 400w, https:\/\/visionpeninsular.com\/mid\/wp-content\/uploads\/2025\/06\/denuncia-vega-2-225x300.jpg 225w\" sizes=\"(max-width: 400px) 100vw, 400px\" \/><\/figure>\n\n\n\n<figure class=\"wp-block-image size-full\"><img loading=\"lazy\" width=\"400\" height=\"549\" src=\"https:\/\/visionpeninsular.com\/mid\/wp-content\/uploads\/2025\/06\/denuncia-vega-3.jpg\" alt=\"\" class=\"wp-image-203590\" srcset=\"https:\/\/visionpeninsular.com\/mid\/wp-content\/uploads\/2025\/06\/denuncia-vega-3.jpg 400w, https:\/\/visionpeninsular.com\/mid\/wp-content\/uploads\/2025\/06\/denuncia-vega-3-219x300.jpg 219w\" sizes=\"(max-width: 400px) 100vw, 400px\" \/><\/figure>\n<div class='share-to-whatsapp-wrapper'><div class='share-on-whsp'>Share on: <\/div><a data-text='AMISY reitera la denuncia por inelegibilidad de Hern\u00e1n Vega Burgos' data-link='https:\/\/visionpeninsular.com\/mid\/amisy-reitera-la-denuncia-por-inelegibilidad-de-hernan-vega-burgos\/' class='whatsapp-button whatsapp-share'>WhatsApp<\/a><div class='clear '><\/div><\/div>","protected":false},"excerpt":{"rendered":"<p>M\u00e9rida, 10 de junio, 2025.- La Agenda de las Mujeres por la Igualdad Sustantiva en Yucat\u00e1n (AMISY), representada por las maestras Mar\u00eda Eugenia N\u00fa\u00f1ez Zapata y Lydia Laucirica Guanche, de nueva cuenta presentaron ante el IEPAC la denuncia contra la inelegibilidad de Hern\u00e1n Vega Burgos como magistrado, ya que pesan en su haber graves denuncias &hellip;<\/p>\n","protected":false},"author":5,"featured_media":203584,"comment_status":"open","ping_status":"open","sticky":false,"template":"","format":"standard","meta":{"_mi_skip_tracking":false},"categories":[49,37],"tags":[12920,35401,32154,48531],"_links":{"self":[{"href":"https:\/\/visionpeninsular.com\/mid\/wp-json\/wp\/v2\/posts\/203582"}],"collection":[{"href":"https:\/\/visionpeninsular.com\/mid\/wp-json\/wp\/v2\/posts"}],"about":[{"href":"https:\/\/visionpeninsular.com\/mid\/wp-json\/wp\/v2\/types\/post"}],"author":[{"embeddable":true,"href":"https:\/\/visionpeninsular.com\/mid\/wp-json\/wp\/v2\/users\/5"}],"replies":[{"embeddable":true,"href":"https:\/\/visionpeninsular.com\/mid\/wp-json\/wp\/v2\/comments?post=203582"}],"version-history":[{"count":1,"href":"https:\/\/visionpeninsular.com\/mid\/wp-json\/wp\/v2\/posts\/203582\/revisions"}],"predecessor-version":[{"id":203591,"href":"https:\/\/visionpeninsular.com\/mid\/wp-json\/wp\/v2\/posts\/203582\/revisions\/203591"}],"wp:featuredmedia":[{"embeddable":true,"href":"https:\/\/visionpeninsular.com\/mid\/wp-json\/wp\/v2\/media\/203584"}],"wp:attachment":[{"href":"https:\/\/visionpeninsular.com\/mid\/wp-json\/wp\/v2\/media?parent=203582"}],"wp:term":[{"taxonomy":"category","embeddable":true,"href":"https:\/\/visionpeninsular.com\/mid\/wp-json\/wp\/v2\/categories?post=203582"},{"taxonomy":"post_tag","embeddable":true,"href":"https:\/\/visionpeninsular.com\/mid\/wp-json\/wp\/v2\/tags?post=203582"}],"curies":[{"name":"wp","href":"https:\/\/api.w.org\/{rel}","templated":true}]}}