{"id":20325,"date":"2017-01-19T20:00:28","date_gmt":"2017-01-20T02:00:28","guid":{"rendered":"http:\/\/visionpeninsular.com\/mid\/?p=20325"},"modified":"2017-01-19T20:02:21","modified_gmt":"2017-01-20T02:02:21","slug":"extraditan-al-chapo-a-estados-unidos","status":"publish","type":"post","link":"https:\/\/visionpeninsular.com\/mid\/extraditan-al-chapo-a-estados-unidos\/","title":{"rendered":"Extraditan a &#8220;El Chapo&#8221; a Estados Unidos"},"content":{"rendered":"<p>Autoridades del gobierno federal confirmaron la extradici\u00f3n de <strong>Joaqu\u00edn &#8220;El Chapo&#8221; Guzm\u00e1n<\/strong> a Estados Unidos.<\/p>\n<div id=\"js_f\" data-ft=\"{&quot;tn&quot;:&quot;K&quot;}\">\n<p>En ese pa\u00eds ser\u00e1 investigado por los delitos de lavado de dinero y contra la salud.<\/p>\n<p>La entrega se da a un d\u00eda de que\u00a0<strong>Donald Trump<\/strong>\u00a0tome la investidura de la Uni\u00f3n Americana.<\/p>\n<p>En los \u00faltimos meses, el capo mexicano hab\u00eda denunciado malos tratos en el\u00a0penal federal de Ciudad Ju\u00e1rez, Chihuahua.<\/p>\n<p>A trav\u00e9s de un comunicado, la Secretar\u00eda de Relaciones Exteriores inform\u00f3 que\u00a0el Quinto Tribunal Colegiado en Materia Penal en la Ciudad de M\u00e9xico, determin\u00f3 negarle el amparo y protecci\u00f3n de la Justicia Federal al inculpado.<\/p>\n<p>Por ello, concedi\u00f3 su entrega al pa\u00eds vecino &#8220;al considerar que dichos\u00a0acuerdos cumplieron con las normas constitucionales, los requisitos establecidos en el tratado bilateral y dem\u00e1s disposiciones legales vigentes para su emisi\u00f3n y que no fueron, ni han sido vulnerados, sus derechos humanos en los procedimientos instaurados&#8221;.<\/p>\n<p>Curiosamente, un d\u00eda como hoy pero del 2001 el &#8216;Chapo&#8217; se escap\u00f3 por primera vez del penal de Puente Grande,\u00a0escondido en un carro de lavander\u00eda.<\/p>\n<p><img loading=\"lazy\" src=\"http:\/\/www.elgrafico.mx\/sites\/default\/files\/2017\/01\/prensa.png\" alt=\"\" width=\"505\" height=\"600\" \/><\/p>\n<p>Autoridades estadunidenses tambi\u00e9n dieron a conocer la noticia, y resaltaron la cooperaci\u00f3n bilateral que hasta ahora existe en ambas naciones.<\/p>\n<p><img src=\"http:\/\/www.elgrafico.mx\/sites\/default\/files\/2017\/01\/16129438_10155647155484186_2141980743_o.png\" alt=\"\" \/><\/p>\n<\/div>\n<div class='share-to-whatsapp-wrapper'><div class='share-on-whsp'>Share on: <\/div><a data-text='Extraditan a \"El Chapo\" a Estados Unidos' data-link='https:\/\/visionpeninsular.com\/mid\/extraditan-al-chapo-a-estados-unidos\/' class='whatsapp-button whatsapp-share'>WhatsApp<\/a><div class='clear '><\/div><\/div>","protected":false},"excerpt":{"rendered":"<p>Autoridades del gobierno federal confirmaron la extradici\u00f3n de Joaqu\u00edn &#8220;El Chapo&#8221; Guzm\u00e1n a Estados Unidos. En ese pa\u00eds ser\u00e1 investigado por los delitos de lavado de dinero y contra la salud. La entrega se da a un d\u00eda de que\u00a0Donald Trump\u00a0tome la investidura de la Uni\u00f3n Americana. En los \u00faltimos meses, el capo mexicano hab\u00eda &hellip;<\/p>\n","protected":false},"author":1,"featured_media":20326,"comment_status":"open","ping_status":"open","sticky":false,"template":"","format":"standard","meta":{"_mi_skip_tracking":false},"categories":[49],"tags":[2748],"_links":{"self":[{"href":"https:\/\/visionpeninsular.com\/mid\/wp-json\/wp\/v2\/posts\/20325"}],"collection":[{"href":"https:\/\/visionpeninsular.com\/mid\/wp-json\/wp\/v2\/posts"}],"about":[{"href":"https:\/\/visionpeninsular.com\/mid\/wp-json\/wp\/v2\/types\/post"}],"author":[{"embeddable":true,"href":"https:\/\/visionpeninsular.com\/mid\/wp-json\/wp\/v2\/users\/1"}],"replies":[{"embeddable":true,"href":"https:\/\/visionpeninsular.com\/mid\/wp-json\/wp\/v2\/comments?post=20325"}],"version-history":[{"count":2,"href":"https:\/\/visionpeninsular.com\/mid\/wp-json\/wp\/v2\/posts\/20325\/revisions"}],"predecessor-version":[{"id":20328,"href":"https:\/\/visionpeninsular.com\/mid\/wp-json\/wp\/v2\/posts\/20325\/revisions\/20328"}],"wp:featuredmedia":[{"embeddable":true,"href":"https:\/\/visionpeninsular.com\/mid\/wp-json\/wp\/v2\/media\/20326"}],"wp:attachment":[{"href":"https:\/\/visionpeninsular.com\/mid\/wp-json\/wp\/v2\/media?parent=20325"}],"wp:term":[{"taxonomy":"category","embeddable":true,"href":"https:\/\/visionpeninsular.com\/mid\/wp-json\/wp\/v2\/categories?post=20325"},{"taxonomy":"post_tag","embeddable":true,"href":"https:\/\/visionpeninsular.com\/mid\/wp-json\/wp\/v2\/tags?post=20325"}],"curies":[{"name":"wp","href":"https:\/\/api.w.org\/{rel}","templated":true}]}}