{"id":203225,"date":"2025-05-29T15:05:37","date_gmt":"2025-05-29T20:05:37","guid":{"rendered":"https:\/\/visionpeninsular.com\/mid\/?p=203225"},"modified":"2025-05-29T15:05:40","modified_gmt":"2025-05-29T20:05:40","slug":"gael-garcia-bernal-y-festival-ambulante-celebraran-20o-aniversario-en-yucatan","status":"publish","type":"post","link":"https:\/\/visionpeninsular.com\/mid\/gael-garcia-bernal-y-festival-ambulante-celebraran-20o-aniversario-en-yucatan\/","title":{"rendered":"Gael Garc\u00eda Bernal y Festival Ambulante celebrar\u00e1n 20\u00ba aniversario en Yucat\u00e1n"},"content":{"rendered":"\n<ul><li><strong><em>La Secretar\u00eda de la Cultura y las Artes (Sedeculta) anunci\u00f3 la llegada de la Gira de Documentales Ambulante 2025 a Yucat\u00e1n, del 5 al 12 de junio, un evento que incluir\u00e1 m\u00e1s de 60 actividades en M\u00e9rida y otros municipios, con entrada libre para todos los p\u00fablicos.<\/em><\/strong><\/li><\/ul>\n\n\n\n<p>M\u00e9rida, 29 de mayo, 2025.- La edici\u00f3n n\u00famero 20 de Ambulante contar\u00e1 con proyecciones de documentales, talleres, conversatorios con cineastas, clases magistrales y funciones especiales &nbsp;completamente gratuito y accesible en los principales espacios culturales del estado.<\/p>\n\n\n\n<p>Uno de los escenarios principales ser\u00e1 la Sala Mayamax del Gran Museo del Mundo Maya, recientemente equipada con proyector 4K, sonido envolvente 5.1 y tecnolog\u00eda de cine digital DCP, lo que garantiza una experiencia audiovisual de primer nivel.<\/p>\n\n\n\n<p>La funci\u00f3n especial musicalizada en vivo del documental Buscando a Sugarman estar\u00e1 a cargo de la Banda Sinf\u00f3nica Luis Fernando Luna Guarneros, dirigida por el Maestro Todor Ivanov, y se llevar\u00e1 a cabo en la Sala Mayamax.<\/p>\n\n\n\n<p>Gracias a estas mejoras tecnol\u00f3gicas, la Sala Mayamax se posiciona como uno de los espacios cinematogr\u00e1ficos mejor equipados del sureste mexicano, recuperando su vocaci\u00f3n como sede de cine y arte, con programaci\u00f3n gratuita dirigida especialmente a infancias y juventudes.<\/p>\n\n\n\n<p>La titular de Sedeculta destac\u00f3 que Ambulante forma parte de una pol\u00edtica cultural que impulsa la inclusi\u00f3n, el acceso y la pluralidad.<\/p>\n\n\n\n<p>Asimismo, anunci\u00f3 que las actividades en el Centro Cultural La Ib\u00e9rica buscan sentar las bases para una escuela popular de cine en Yucat\u00e1n, como parte de un proyecto para fomentar la producci\u00f3n cinematogr\u00e1fica local.<\/p>\n\n\n\n<p>Itzel Mart\u00ednez Ca\u00f1izo, directora general de Ambulante, subray\u00f3 que Yucat\u00e1n representa un punto clave para la cultura nacional y que la gira permite una nueva manera de conectar el cine con las comunidades.<\/p>\n\n\n\n<p>Adem\u00e1s de la Sala Mayamax, Ambulante 2025 se presentar\u00e1 en 12 sedes, incluyendo La Ib\u00e9rica, el CECUNY, el Centro Cultural Ricardo L\u00f3pez M\u00e9ndez, la Cineteca Manuel Barbachano Ponce, y el Palacio Cant\u00f3n, entre otras.<\/p>\n\n\n\n<p>Tambi\u00e9n participar\u00e1n espacios culturales como el Muelle de Sisal (Hunucm\u00e1) y el centro independiente Link i Kalante, en Tecoh, ampliando el alcance territorial y comunitario de la muestra.<\/p>\n\n\n\n<p>Entre las actividades destacadas est\u00e1 el taller \u00abDe luz a historia\u00bb, dirigido a ni\u00f1as y ni\u00f1os, impartido por Mar\u00eda Fernanda Pinilla y Alain Cuadro, que los guiar\u00e1 del lenguaje visual al cine en movimiento.<\/p>\n\n\n\n<p>Se realizar\u00e1 un encuentro de documentalistas de la regi\u00f3n para compartir experiencias de producci\u00f3n, adem\u00e1s de una funci\u00f3n de cine en vivo con preguntas y respuestas del filme Archivos gr\u00e1ficos, del cineasta Tin Dirdamal.<\/p>\n\n\n\n<p>El mismo Dirdamal impartir\u00e1 el taller Contracorriente: cine de no ficci\u00f3n, en el que se brindar\u00e1 acompa\u00f1amiento a proyectos en desarrollo, fortaleciendo la creaci\u00f3n documental regional.<\/p>\n\n\n\n<p>Uno de los momentos m\u00e1s esperados ser\u00e1 la clase magistral del actor Gael Garc\u00eda Bernal, titulada Habitar el cine, donde compartir\u00e1 an\u00e9cdotas y reflexiones sobre su carrera como actor, director y productor.<\/p>\n\n\n\n<p>La funci\u00f3n inaugural ser\u00e1 el jueves 5 de junio a las 20:00 horas, en la Cineteca del Teatro Armando Manzanero, con la proyecci\u00f3n de Pina, documental de Wim Wenders que rinde homenaje a la core\u00f3grafa Pina Bausch.<\/p>\n\n\n\n<p>Con su oferta gratuita, amplia y diversa, Ambulante Yucat\u00e1n 2025 se consolida como una de las propuestas culturales m\u00e1s relevantes del a\u00f1o en el sureste de M\u00e9xico, acercando el cine documental a nuevas audiencias.<\/p>\n<div class='share-to-whatsapp-wrapper'><div class='share-on-whsp'>Share on: <\/div><a data-text='Gael Garc\u00eda Bernal y Festival Ambulante celebrar\u00e1n 20\u00ba aniversario en Yucat\u00e1n' data-link='https:\/\/visionpeninsular.com\/mid\/gael-garcia-bernal-y-festival-ambulante-celebraran-20o-aniversario-en-yucatan\/' class='whatsapp-button whatsapp-share'>WhatsApp<\/a><div class='clear '><\/div><\/div>","protected":false},"excerpt":{"rendered":"<p>La Secretar\u00eda de la Cultura y las Artes (Sedeculta) anunci\u00f3 la llegada de la Gira de Documentales Ambulante 2025 a Yucat\u00e1n, del 5 al 12 de junio, un evento que incluir\u00e1 m\u00e1s de 60 actividades en M\u00e9rida y otros municipios, con entrada libre para todos los p\u00fablicos. M\u00e9rida, 29 de mayo, 2025.- La edici\u00f3n n\u00famero &hellip;<\/p>\n","protected":false},"author":5,"featured_media":203227,"comment_status":"open","ping_status":"open","sticky":false,"template":"","format":"standard","meta":{"_mi_skip_tracking":false},"categories":[50,37],"tags":[11646,48337,1557],"_links":{"self":[{"href":"https:\/\/visionpeninsular.com\/mid\/wp-json\/wp\/v2\/posts\/203225"}],"collection":[{"href":"https:\/\/visionpeninsular.com\/mid\/wp-json\/wp\/v2\/posts"}],"about":[{"href":"https:\/\/visionpeninsular.com\/mid\/wp-json\/wp\/v2\/types\/post"}],"author":[{"embeddable":true,"href":"https:\/\/visionpeninsular.com\/mid\/wp-json\/wp\/v2\/users\/5"}],"replies":[{"embeddable":true,"href":"https:\/\/visionpeninsular.com\/mid\/wp-json\/wp\/v2\/comments?post=203225"}],"version-history":[{"count":1,"href":"https:\/\/visionpeninsular.com\/mid\/wp-json\/wp\/v2\/posts\/203225\/revisions"}],"predecessor-version":[{"id":203228,"href":"https:\/\/visionpeninsular.com\/mid\/wp-json\/wp\/v2\/posts\/203225\/revisions\/203228"}],"wp:featuredmedia":[{"embeddable":true,"href":"https:\/\/visionpeninsular.com\/mid\/wp-json\/wp\/v2\/media\/203227"}],"wp:attachment":[{"href":"https:\/\/visionpeninsular.com\/mid\/wp-json\/wp\/v2\/media?parent=203225"}],"wp:term":[{"taxonomy":"category","embeddable":true,"href":"https:\/\/visionpeninsular.com\/mid\/wp-json\/wp\/v2\/categories?post=203225"},{"taxonomy":"post_tag","embeddable":true,"href":"https:\/\/visionpeninsular.com\/mid\/wp-json\/wp\/v2\/tags?post=203225"}],"curies":[{"name":"wp","href":"https:\/\/api.w.org\/{rel}","templated":true}]}}