{"id":203205,"date":"2025-05-29T13:27:08","date_gmt":"2025-05-29T18:27:08","guid":{"rendered":"https:\/\/visionpeninsular.com\/mid\/?p=203205"},"modified":"2025-05-29T13:27:12","modified_gmt":"2025-05-29T18:27:12","slug":"protocolo-alba-buscan-a-dona-carmen","status":"publish","type":"post","link":"https:\/\/visionpeninsular.com\/mid\/protocolo-alba-buscan-a-dona-carmen\/","title":{"rendered":"Protocolo Alba: buscan a do\u00f1a Carmen"},"content":{"rendered":"\n<p>M\u00e9rida, 29 de mayo, 2025.- La Fiscal\u00eda General de Yucat\u00e1n activ\u00f3 un Protocolo Alba por la desaparici\u00f3n de la se\u00f1ora Carmen del Socorro Zapata Sol\u00eds, de 74 a\u00f1os de edad.<\/p>\n\n\n\n<p>Do\u00f1a Carmen fue vista por \u00faltima vez en la colonia Mulsay de la ciudad de M\u00e9rida, sin que hasta el momento se tenga informaci\u00f3n sobre su paradero.<\/p>\n\n\n\n<p>Se sabe que desapareci\u00f3 desde el pasado domingo 25, y que ese d\u00eda vest\u00eda unos leggins de color rojo, blusa de manga corta de color naranja con estampado de flores y unas chanclas rosadas.<\/p>\n\n\n\n<p>La se\u00f1ora mide 1.58 metros aproximadamente y tiene los ojos de color verde.<\/p>\n\n\n\n<p>Si tienes alguna informaci\u00f3n sobre su paradero puedes reportarla a los n\u00fameros:<\/p>\n\n\n\n<p>800 00 26 237<\/p>\n\n\n\n<p>9999 30-32-88 l\u00ednea directa<\/p>\n\n\n\n<p>9999 30-32.50 extensi\u00f3n 41164.<\/p>\n<div class='share-to-whatsapp-wrapper'><div class='share-on-whsp'>Share on: <\/div><a data-text='Protocolo Alba: buscan a do\u00f1a Carmen' data-link='https:\/\/visionpeninsular.com\/mid\/protocolo-alba-buscan-a-dona-carmen\/' class='whatsapp-button whatsapp-share'>WhatsApp<\/a><div class='clear '><\/div><\/div>","protected":false},"excerpt":{"rendered":"<p>M\u00e9rida, 29 de mayo, 2025.- La Fiscal\u00eda General de Yucat\u00e1n activ\u00f3 un Protocolo Alba por la desaparici\u00f3n de la se\u00f1ora Carmen del Socorro Zapata Sol\u00eds, de 74 a\u00f1os de edad. Do\u00f1a Carmen fue vista por \u00faltima vez en la colonia Mulsay de la ciudad de M\u00e9rida, sin que hasta el momento se tenga informaci\u00f3n sobre &hellip;<\/p>\n","protected":false},"author":5,"featured_media":203207,"comment_status":"open","ping_status":"open","sticky":false,"template":"","format":"standard","meta":{"_mi_skip_tracking":false},"categories":[50,37],"tags":[48329,48328,48327],"_links":{"self":[{"href":"https:\/\/visionpeninsular.com\/mid\/wp-json\/wp\/v2\/posts\/203205"}],"collection":[{"href":"https:\/\/visionpeninsular.com\/mid\/wp-json\/wp\/v2\/posts"}],"about":[{"href":"https:\/\/visionpeninsular.com\/mid\/wp-json\/wp\/v2\/types\/post"}],"author":[{"embeddable":true,"href":"https:\/\/visionpeninsular.com\/mid\/wp-json\/wp\/v2\/users\/5"}],"replies":[{"embeddable":true,"href":"https:\/\/visionpeninsular.com\/mid\/wp-json\/wp\/v2\/comments?post=203205"}],"version-history":[{"count":1,"href":"https:\/\/visionpeninsular.com\/mid\/wp-json\/wp\/v2\/posts\/203205\/revisions"}],"predecessor-version":[{"id":203208,"href":"https:\/\/visionpeninsular.com\/mid\/wp-json\/wp\/v2\/posts\/203205\/revisions\/203208"}],"wp:featuredmedia":[{"embeddable":true,"href":"https:\/\/visionpeninsular.com\/mid\/wp-json\/wp\/v2\/media\/203207"}],"wp:attachment":[{"href":"https:\/\/visionpeninsular.com\/mid\/wp-json\/wp\/v2\/media?parent=203205"}],"wp:term":[{"taxonomy":"category","embeddable":true,"href":"https:\/\/visionpeninsular.com\/mid\/wp-json\/wp\/v2\/categories?post=203205"},{"taxonomy":"post_tag","embeddable":true,"href":"https:\/\/visionpeninsular.com\/mid\/wp-json\/wp\/v2\/tags?post=203205"}],"curies":[{"name":"wp","href":"https:\/\/api.w.org\/{rel}","templated":true}]}}