{"id":202974,"date":"2025-05-21T16:13:57","date_gmt":"2025-05-21T21:13:57","guid":{"rendered":"https:\/\/visionpeninsular.com\/mid\/?p=202974"},"modified":"2025-05-21T16:14:00","modified_gmt":"2025-05-21T21:14:00","slug":"arranca-en-merida-la-segunda-edicion-del-exitoso-reto-por-tu-bienestar","status":"publish","type":"post","link":"https:\/\/visionpeninsular.com\/mid\/arranca-en-merida-la-segunda-edicion-del-exitoso-reto-por-tu-bienestar\/","title":{"rendered":"Arranca en M\u00e9rida  la segunda edici\u00f3n del exitoso \u201cReto por tu Bienestar\u201d"},"content":{"rendered":"\n<p>M\u00e9rida, 21 de mayo, 2025.- El Ayuntamiento de M\u00e9rida lanza la segunda edici\u00f3n del \u201cReto por tu Bienestar\u201d, un programa de salud integral que busca transformar la vida de 50 participantes a trav\u00e9s de activaci\u00f3n f\u00edsica, nutrici\u00f3n, salud mental y acompa\u00f1amiento m\u00e9dico.<\/p>\n\n\n\n<p>Con la participaci\u00f3n de 50 personas y una duraci\u00f3n de ocho semanas, dio inicio la segunda edici\u00f3n del programa \u201cReto por tu Bienestar\u201d, una iniciativa del Ayuntamiento de M\u00e9rida enfocada en mejorar la salud f\u00edsica y mental de las y los ciudadanos.<\/p>\n\n\n\n<p>El reto se desarrollar\u00e1 del 12 de mayo al 4 de julio y tiene como prop\u00f3sito consolidar una cultura de autocuidado y bienestar integral en el municipio.<\/p>\n\n\n\n<p>La alcaldesa Cecilia Patr\u00f3n Laviada anunci\u00f3 la continuidad del programa destacando que este tipo de acciones reflejan una visi\u00f3n de ciudad donde el bienestar de las personas se coloca en el centro de las pol\u00edticas p\u00fablicas.<\/p>\n\n\n\n<p>\u201cHoy m\u00e1s que nunca, en M\u00e9rida impulsamos una salud integral que incluya cuerpo y mente. El \u2018Reto por tu Bienestar\u2019 es una muestra de que cuando gobierno y ciudadan\u00eda trabajan de la mano, se pueden lograr grandes transformaciones. Nuestro compromiso es acompa\u00f1ar a cada participante y demostrar que s\u00ed se puede cambiar para estar mejor\u201d, expres\u00f3.<\/p>\n\n\n\n<p>Durante la ceremonia de arranque, el director de Bienestar Humano, Jes\u00fas P\u00e9rez Ballote, subray\u00f3 los positivos resultados de la primera edici\u00f3n del programa, donde las y los participantes no solo transformaron su imagen f\u00edsica, sino tambi\u00e9n fortalecieron su salud mental, mejoraron su resistencia y adoptaron mejores h\u00e1bitos alimenticios.<\/p>\n\n\n\n<p>Para esta nueva edici\u00f3n, el programa se refuerza con una mayor cobertura territorial mediante nuevas sedes de \u201cM\u00e9rida en Acci\u00f3n\u201d, un modelo nutricional especializado que atiende a personas con diabetes y enfermedades cr\u00f3nico-degenerativas, y un componente de salud mental que incluye terapias grupales, acompa\u00f1amiento psicol\u00f3gico y supervisi\u00f3n m\u00e9dica completa.<\/p>\n\n\n\n<p>Entre los estudios m\u00e9dicos que se realizan se incluyen: electrocardiograma, biometr\u00eda hem\u00e1tica, glucosa, triglic\u00e9ridos, colesterol y funciones hep\u00e1ticas.<\/p>\n\n\n\n<figure class=\"wp-block-image size-full\"><img loading=\"lazy\" width=\"900\" height=\"203\" src=\"https:\/\/visionpeninsular.com\/mid\/wp-content\/uploads\/2025\/05\/reto-bienes.jpg\" alt=\"\" class=\"wp-image-202977\" srcset=\"https:\/\/visionpeninsular.com\/mid\/wp-content\/uploads\/2025\/05\/reto-bienes.jpg 900w, https:\/\/visionpeninsular.com\/mid\/wp-content\/uploads\/2025\/05\/reto-bienes-300x68.jpg 300w, https:\/\/visionpeninsular.com\/mid\/wp-content\/uploads\/2025\/05\/reto-bienes-768x173.jpg 768w\" sizes=\"(max-width: 900px) 100vw, 900px\" \/><\/figure>\n\n\n\n<p>\u201cContamos con un equipo multidisciplinario de m\u00e1s de 30 profesionales en medicina, nutrici\u00f3n, psicolog\u00eda y activaci\u00f3n f\u00edsica que guiar\u00e1n a las y los participantes durante todo el proceso\u201d, indic\u00f3 P\u00e9rez Ballote.<\/p>\n\n\n\n<p>Como parte de la motivaci\u00f3n, el reto otorgar\u00e1 premios de 10 mil, 5 mil y 3 mil pesos al primer, segundo y tercer lugar, respectivamente, a quienes logren una transformaci\u00f3n integral cumpliendo con los lineamientos establecidos.<\/p>\n\n\n\n<p>Con este tipo de programas, el Ayuntamiento de M\u00e9rida reafirma su compromiso de seguir impulsando pol\u00edticas que promuevan una vida m\u00e1s sana, activa y emocionalmente equilibrada para todas y todos.<\/p>\n<div class='share-to-whatsapp-wrapper'><div class='share-on-whsp'>Share on: <\/div><a data-text='Arranca en M\u00e9rida  la segunda edici\u00f3n del exitoso \u201cReto por tu Bienestar\u201d' data-link='https:\/\/visionpeninsular.com\/mid\/arranca-en-merida-la-segunda-edicion-del-exitoso-reto-por-tu-bienestar\/' class='whatsapp-button whatsapp-share'>WhatsApp<\/a><div class='clear '><\/div><\/div>","protected":false},"excerpt":{"rendered":"<p>M\u00e9rida, 21 de mayo, 2025.- El Ayuntamiento de M\u00e9rida lanza la segunda edici\u00f3n del \u201cReto por tu Bienestar\u201d, un programa de salud integral que busca transformar la vida de 50 participantes a trav\u00e9s de activaci\u00f3n f\u00edsica, nutrici\u00f3n, salud mental y acompa\u00f1amiento m\u00e9dico. Con la participaci\u00f3n de 50 personas y una duraci\u00f3n de ocho semanas, dio &hellip;<\/p>\n","protected":false},"author":5,"featured_media":202976,"comment_status":"open","ping_status":"open","sticky":false,"template":"","format":"standard","meta":{"_mi_skip_tracking":false},"categories":[49,37],"tags":[5571,41,5668,9412,48200,10743],"_links":{"self":[{"href":"https:\/\/visionpeninsular.com\/mid\/wp-json\/wp\/v2\/posts\/202974"}],"collection":[{"href":"https:\/\/visionpeninsular.com\/mid\/wp-json\/wp\/v2\/posts"}],"about":[{"href":"https:\/\/visionpeninsular.com\/mid\/wp-json\/wp\/v2\/types\/post"}],"author":[{"embeddable":true,"href":"https:\/\/visionpeninsular.com\/mid\/wp-json\/wp\/v2\/users\/5"}],"replies":[{"embeddable":true,"href":"https:\/\/visionpeninsular.com\/mid\/wp-json\/wp\/v2\/comments?post=202974"}],"version-history":[{"count":1,"href":"https:\/\/visionpeninsular.com\/mid\/wp-json\/wp\/v2\/posts\/202974\/revisions"}],"predecessor-version":[{"id":202978,"href":"https:\/\/visionpeninsular.com\/mid\/wp-json\/wp\/v2\/posts\/202974\/revisions\/202978"}],"wp:featuredmedia":[{"embeddable":true,"href":"https:\/\/visionpeninsular.com\/mid\/wp-json\/wp\/v2\/media\/202976"}],"wp:attachment":[{"href":"https:\/\/visionpeninsular.com\/mid\/wp-json\/wp\/v2\/media?parent=202974"}],"wp:term":[{"taxonomy":"category","embeddable":true,"href":"https:\/\/visionpeninsular.com\/mid\/wp-json\/wp\/v2\/categories?post=202974"},{"taxonomy":"post_tag","embeddable":true,"href":"https:\/\/visionpeninsular.com\/mid\/wp-json\/wp\/v2\/tags?post=202974"}],"curies":[{"name":"wp","href":"https:\/\/api.w.org\/{rel}","templated":true}]}}