{"id":202849,"date":"2025-05-17T14:10:06","date_gmt":"2025-05-17T19:10:06","guid":{"rendered":"https:\/\/visionpeninsular.com\/mid\/?p=202849"},"modified":"2025-05-17T14:10:11","modified_gmt":"2025-05-17T19:10:11","slug":"ballet-folklorico-infantil-celebra-6-anos-con-gala-del-timbal-a-la-tambora","status":"publish","type":"post","link":"https:\/\/visionpeninsular.com\/mid\/ballet-folklorico-infantil-celebra-6-anos-con-gala-del-timbal-a-la-tambora\/","title":{"rendered":"Ballet Folkl\u00f3rico Infantil celebra 6 a\u00f1os con gala Del Timbal a la Tambora"},"content":{"rendered":"\n<p>M\u00e9rida, 17 de mayo, 2025.- Con alegr\u00eda, entrega y orgullo por las ra\u00edces mexicanas, el Ballet Folkl\u00f3rico Infantil del Estado celebr\u00f3 su sexto aniversario con una emotiva gala danc\u00edstica titulada Del Timbal a la Tambora, presentada en el escenario del Teatro Armando Manzanero ante una sala completamente llena.<\/p>\n\n\n\n<p>Este espect\u00e1culo, organizado por la Secretar\u00eda de la Cultura y las Artes (Sedeculta), fue una verdadera fiesta de color, m\u00fasica y tradici\u00f3n en la que ni\u00f1as y ni\u00f1os, de entre seis y 15 a\u00f1os, recorrieron con sus danzas los paisajes culturales de Yucat\u00e1n, Campeche, Guanajuato y Zacatecas. La agrupaci\u00f3n, impulsada por la administraci\u00f3n estatal que encabeza el gobernador Joaqu\u00edn D\u00edaz Mena, reafirm\u00f3 su compromiso con la difusi\u00f3n del folclor como parte de una identidad viva y en constante formaci\u00f3n.<\/p>\n\n\n\n<p>Durante m\u00e1s de una hora de funci\u00f3n, los asistentes disfrutaron de una veintena de coreograf\u00edas cuidadosamente ensayadas por m\u00e1s de seis meses, con la compa\u00f1\u00eda musical de la Orquesta Jaranera del Estado. Cada presentaci\u00f3n fue acompa\u00f1ada por vestuarios t\u00edpicos representativos de las distintas regiones, lo que convirti\u00f3 a la gala en una aut\u00e9ntica celebraci\u00f3n de la diversidad cultural del pa\u00eds.<\/p>\n\n\n\n<p>La titular de Sedeculta, Patricia Mart\u00edn Brice\u00f1o, destac\u00f3 que Del Timbal a la Tambora \u201ces mucho m\u00e1s que una funci\u00f3n de danza: es una muestra del talento, la disciplina y la alegr\u00eda con la que las nuevas generaciones abrazan nuestras ra\u00edces\u201d. Asimismo, reiter\u00f3 el compromiso de la dependencia de fomentar una cultura viva, inclusiva y arraigada en las m\u00faltiples identidades que conforman Yucat\u00e1n y M\u00e9xico.<\/p>\n\n\n\n<p>Por su parte, la directora del Ballet, maestra Nelsy Ku, subray\u00f3 la importancia del arte como herramienta formativa. \u201cEl arte y el deporte son formas de apoyar a ni\u00f1as y ni\u00f1os para mantenerse activos, fortalecer sus capacidades psicomotrices, socializar y descubrir sus talentos. Adem\u00e1s, nos permite mantener viva nuestra cultura, mostrar el origen de cada danza y c\u00f3mo estas se transforman con el tiempo\u201d.<\/p>\n\n\n\n<p>A lo largo de estos seis a\u00f1os, el Ballet Folkl\u00f3rico Infantil ha visto pasar ya tres generaciones de infancias y adolescentes, quienes han continuado su desarrollo art\u00edstico en otras agrupaciones, siendo embajadores culturales de Yucat\u00e1n y M\u00e9xico a trav\u00e9s de la danza.<\/p>\n<div class='share-to-whatsapp-wrapper'><div class='share-on-whsp'>Share on: <\/div><a data-text='Ballet Folkl\u00f3rico Infantil celebra 6 a\u00f1os con gala Del Timbal a la Tambora' data-link='https:\/\/visionpeninsular.com\/mid\/ballet-folklorico-infantil-celebra-6-anos-con-gala-del-timbal-a-la-tambora\/' class='whatsapp-button whatsapp-share'>WhatsApp<\/a><div class='clear '><\/div><\/div>","protected":false},"excerpt":{"rendered":"<p>M\u00e9rida, 17 de mayo, 2025.- Con alegr\u00eda, entrega y orgullo por las ra\u00edces mexicanas, el Ballet Folkl\u00f3rico Infantil del Estado celebr\u00f3 su sexto aniversario con una emotiva gala danc\u00edstica titulada Del Timbal a la Tambora, presentada en el escenario del Teatro Armando Manzanero ante una sala completamente llena. Este espect\u00e1culo, organizado por la Secretar\u00eda de &hellip;<\/p>\n","protected":false},"author":5,"featured_media":202851,"comment_status":"open","ping_status":"open","sticky":false,"template":"","format":"standard","meta":{"_mi_skip_tracking":false},"categories":[49,37],"tags":[1557,48143],"_links":{"self":[{"href":"https:\/\/visionpeninsular.com\/mid\/wp-json\/wp\/v2\/posts\/202849"}],"collection":[{"href":"https:\/\/visionpeninsular.com\/mid\/wp-json\/wp\/v2\/posts"}],"about":[{"href":"https:\/\/visionpeninsular.com\/mid\/wp-json\/wp\/v2\/types\/post"}],"author":[{"embeddable":true,"href":"https:\/\/visionpeninsular.com\/mid\/wp-json\/wp\/v2\/users\/5"}],"replies":[{"embeddable":true,"href":"https:\/\/visionpeninsular.com\/mid\/wp-json\/wp\/v2\/comments?post=202849"}],"version-history":[{"count":1,"href":"https:\/\/visionpeninsular.com\/mid\/wp-json\/wp\/v2\/posts\/202849\/revisions"}],"predecessor-version":[{"id":202852,"href":"https:\/\/visionpeninsular.com\/mid\/wp-json\/wp\/v2\/posts\/202849\/revisions\/202852"}],"wp:featuredmedia":[{"embeddable":true,"href":"https:\/\/visionpeninsular.com\/mid\/wp-json\/wp\/v2\/media\/202851"}],"wp:attachment":[{"href":"https:\/\/visionpeninsular.com\/mid\/wp-json\/wp\/v2\/media?parent=202849"}],"wp:term":[{"taxonomy":"category","embeddable":true,"href":"https:\/\/visionpeninsular.com\/mid\/wp-json\/wp\/v2\/categories?post=202849"},{"taxonomy":"post_tag","embeddable":true,"href":"https:\/\/visionpeninsular.com\/mid\/wp-json\/wp\/v2\/tags?post=202849"}],"curies":[{"name":"wp","href":"https:\/\/api.w.org\/{rel}","templated":true}]}}