{"id":202807,"date":"2025-05-16T16:56:07","date_gmt":"2025-05-16T21:56:07","guid":{"rendered":"https:\/\/visionpeninsular.com\/mid\/?p=202807"},"modified":"2025-05-16T16:56:10","modified_gmt":"2025-05-16T21:56:10","slug":"la-noche-blanca-2025-merida-se-convierte-en-un-gran-escenario-para-816-artistas-locales","status":"publish","type":"post","link":"https:\/\/visionpeninsular.com\/mid\/la-noche-blanca-2025-merida-se-convierte-en-un-gran-escenario-para-816-artistas-locales\/","title":{"rendered":"La Noche Blanca 2025: M\u00e9rida se convierte en un gran escenario para 816 artistas locales"},"content":{"rendered":"\n<p>M\u00e9rida, 16 de mayo, 2025.- La Noche Blanca 2025 reunir\u00e1 a m\u00e1s de 800 artistas locales en una fiesta cultural de dos d\u00edas en M\u00e9rida. Con actividades en 137 sedes, esta edici\u00f3n destaca por su enfoque en el talento meridano y acceso gratuito a todas sus actividades.<\/p>\n\n\n\n<p>&nbsp;Con un despliegue de talento 100% local, el Ayuntamiento de M\u00e9rida anunci\u00f3 la 19\u00aa edici\u00f3n de La Noche Blanca y su V\u00edspera, una de las fiestas culturales m\u00e1s esperadas del a\u00f1o, que se realizar\u00e1 el pr\u00f3ximo 13 y 14 de junio bajo el lema \u201cM\u00e9rida Contigo es Arte\u201d.<\/p>\n\n\n\n<p>Durante la presentaci\u00f3n del programa en el Centro Cultural Olimpo, se revel\u00f3 que esta edici\u00f3n contar\u00e1 con la participaci\u00f3n de 816 artistas, 292 actividades culturales, 302 expositores y 137 sedes distribuidas por todo el municipio, incluyendo colonias, fraccionamientos y comisar\u00edas.<\/p>\n\n\n\n<p>En representaci\u00f3n de la alcaldesa Cecilia Patr\u00f3n Laviada, la directora de Identidad y Cultura, Karla Berr\u00f3n C\u00e1mara, destac\u00f3 que este evento consolida el compromiso de la administraci\u00f3n con la comunidad art\u00edstica meridana: \u201cEsta edici\u00f3n ser\u00e1 una celebraci\u00f3n del talento local, una muestra del potencial art\u00edstico que florece en nuestra ciudad\u201d, afirm\u00f3.<\/p>\n\n\n\n<p>El programa incluye m\u00fasica, teatro, literatura, artes visuales, danza, comedia regional, cine, espect\u00e1culos infantiles, tradiciones y gastronom\u00eda. Adem\u00e1s, como ya es tradici\u00f3n, se contar\u00e1 con la participaci\u00f3n de la CANIRAC Yucat\u00e1n, que sumar\u00e1 la oferta culinaria a los festejos.<\/p>\n\n\n\n<p>La noche inaugural comenz\u00f3 con una combinaci\u00f3n de m\u00fasica electr\u00f3nica y \u00f3pera. Los Djs Tribi Tarab y Gaudiano animaron desde el balc\u00f3n del Olimpo, seguidos por la soprano Sof\u00eda Su\u00e1rez y el pianista Mario Bolio, quienes interpretaron el tema \u201cAl dolce guidami\u201d de la \u00f3pera Ana Bolena. Tambi\u00e9n se proyect\u00f3 la obra audiovisual Synapse, de Diego Cano, y se present\u00f3 un drag\u00f3n de 10 metros del Instituto Huawen Yucat\u00e1n, que introdujo el segmento \u201cChina en La Noche Blanca\u201d.<\/p>\n\n\n\n<p>Entre los momentos destacados del programa art\u00edstico se encuentra la exposici\u00f3n \u201cGesto y color, el legado\u201d, un homenaje al pintor Gabriel Ram\u00edrez Azar, y la participaci\u00f3n de m\u00e1s de 30 galer\u00edas ubicadas en Santa Ana, Santiago y Paseo de Montejo.<\/p>\n\n\n\n<p>La V\u00edspera, el viernes 13 de junio, comenzar\u00e1 a las 8 de la noche con eventos simult\u00e1neos a lo largo de la calle 60 y en sedes como los Centros Culturales \u201cWallis\u201d, \u201cJos\u00e9 Mart\u00ed\u201d, \u201cDel Sur\u201d y el \u201cMunicipal de Danza\u201d, as\u00ed como en Chich\u00ed Su\u00e1rez, Komch\u00e9n, Juan Pablo II y Los H\u00e9roes.<\/p>\n\n\n\n<p>La m\u00fasica electr\u00f3nica estar\u00e1 presente con g\u00e9neros como techno, afrohouse, indie dance, tribal y melodic house con artistas como IKALO, Yeak8, Lessy, DG Gaudiano, Tribi Tarab y La Catalina.<\/p>\n\n\n\n<p>Todas las actividades ser\u00e1n gratuitas y abiertas al p\u00fablico. El programa completo estar\u00e1 disponible en las redes del Ayuntamiento y de la Direcci\u00f3n de Identidad y Cultura, bajo el sello \u201cM\u00e9rida es Cultura\u201d.<\/p>\n\n\n\n<p>Al evento asistieron tambi\u00e9n Flora Zapata Mendiolea, coordinadora general de Justicia Social y Desarrollo Humano, representantes de universidades, asociaciones civiles, galer\u00edas y medios de comunicaci\u00f3n.<\/p>\n<div class='share-to-whatsapp-wrapper'><div class='share-on-whsp'>Share on: <\/div><a data-text='La Noche Blanca 2025: M\u00e9rida se convierte en un gran escenario para 816 artistas locales' data-link='https:\/\/visionpeninsular.com\/mid\/la-noche-blanca-2025-merida-se-convierte-en-un-gran-escenario-para-816-artistas-locales\/' class='whatsapp-button whatsapp-share'>WhatsApp<\/a><div class='clear '><\/div><\/div>","protected":false},"excerpt":{"rendered":"<p>M\u00e9rida, 16 de mayo, 2025.- La Noche Blanca 2025 reunir\u00e1 a m\u00e1s de 800 artistas locales en una fiesta cultural de dos d\u00edas en M\u00e9rida. Con actividades en 137 sedes, esta edici\u00f3n destaca por su enfoque en el talento meridano y acceso gratuito a todas sus actividades. &nbsp;Con un despliegue de talento 100% local, el &hellip;<\/p>\n","protected":false},"author":5,"featured_media":202809,"comment_status":"open","ping_status":"open","sticky":false,"template":"","format":"standard","meta":{"_mi_skip_tracking":false},"categories":[49,37],"tags":[41,5668,44748,48116],"_links":{"self":[{"href":"https:\/\/visionpeninsular.com\/mid\/wp-json\/wp\/v2\/posts\/202807"}],"collection":[{"href":"https:\/\/visionpeninsular.com\/mid\/wp-json\/wp\/v2\/posts"}],"about":[{"href":"https:\/\/visionpeninsular.com\/mid\/wp-json\/wp\/v2\/types\/post"}],"author":[{"embeddable":true,"href":"https:\/\/visionpeninsular.com\/mid\/wp-json\/wp\/v2\/users\/5"}],"replies":[{"embeddable":true,"href":"https:\/\/visionpeninsular.com\/mid\/wp-json\/wp\/v2\/comments?post=202807"}],"version-history":[{"count":1,"href":"https:\/\/visionpeninsular.com\/mid\/wp-json\/wp\/v2\/posts\/202807\/revisions"}],"predecessor-version":[{"id":202810,"href":"https:\/\/visionpeninsular.com\/mid\/wp-json\/wp\/v2\/posts\/202807\/revisions\/202810"}],"wp:featuredmedia":[{"embeddable":true,"href":"https:\/\/visionpeninsular.com\/mid\/wp-json\/wp\/v2\/media\/202809"}],"wp:attachment":[{"href":"https:\/\/visionpeninsular.com\/mid\/wp-json\/wp\/v2\/media?parent=202807"}],"wp:term":[{"taxonomy":"category","embeddable":true,"href":"https:\/\/visionpeninsular.com\/mid\/wp-json\/wp\/v2\/categories?post=202807"},{"taxonomy":"post_tag","embeddable":true,"href":"https:\/\/visionpeninsular.com\/mid\/wp-json\/wp\/v2\/tags?post=202807"}],"curies":[{"name":"wp","href":"https:\/\/api.w.org\/{rel}","templated":true}]}}