{"id":202790,"date":"2025-05-15T15:53:34","date_gmt":"2025-05-15T20:53:34","guid":{"rendered":"https:\/\/visionpeninsular.com\/mid\/?p=202790"},"modified":"2025-05-15T15:53:38","modified_gmt":"2025-05-15T20:53:38","slug":"semarnat-denuncia-ocupacion-ilegal-de-terrenos-en-sisal","status":"publish","type":"post","link":"https:\/\/visionpeninsular.com\/mid\/semarnat-denuncia-ocupacion-ilegal-de-terrenos-en-sisal\/","title":{"rendered":"Semarnat denuncia ocupaci\u00f3n ilegal de terrenos en Sisal"},"content":{"rendered":"\n<p>M\u00e9rida, 15 de mayo, 2025.- La Secretar\u00eda de Medio Ambiente y Recursos Naturales (Semarnat) alert\u00f3 sobre la ocupaci\u00f3n ilegal de terrenos en la costa de Sisal. La dependencia inform\u00f3 que varios pobladores han invadido zonas ganadas al mar, sin contar con concesiones oficiales.<\/p>\n\n\n\n<p>Los terrenos afectados pertenecen a la naci\u00f3n y est\u00e1n bajo dominio p\u00fablico. Por ley, no pueden ser habitados, comercializados ni alterados sin autorizaci\u00f3n. Su uso se rige por criterios de sustentabilidad y conservaci\u00f3n ambiental.<\/p>\n\n\n\n<p>Desde febrero, se han desmontado tres predios: uno de 10,400 metros cuadrados, otro de 12,600 y uno m\u00e1s de 14,784. Ninguno cuenta con permisos de la Semarnat.<\/p>\n\n\n\n<p>Las acciones han incluido quema de vegetaci\u00f3n, apertura de caminos y delimitaci\u00f3n de lotes. Durante los d\u00edas 29 y 30 de abril, se hallaron marcadores en la zona, lo que indica una posible intenci\u00f3n de fraccionar.<\/p>\n\n\n\n<figure class=\"wp-block-image size-full\"><img loading=\"lazy\" width=\"500\" height=\"376\" src=\"https:\/\/visionpeninsular.com\/mid\/wp-content\/uploads\/2025\/05\/manglar-devastado.jpg\" alt=\"\" class=\"wp-image-202793\" srcset=\"https:\/\/visionpeninsular.com\/mid\/wp-content\/uploads\/2025\/05\/manglar-devastado.jpg 500w, https:\/\/visionpeninsular.com\/mid\/wp-content\/uploads\/2025\/05\/manglar-devastado-300x226.jpg 300w\" sizes=\"(max-width: 500px) 100vw, 500px\" \/><\/figure>\n\n\n\n<p>La Procuradur\u00eda Federal de Protecci\u00f3n al Ambiente (Profepa) clausur\u00f3 los terrenos e inici\u00f3 procedimientos legales. Tambi\u00e9n present\u00f3 una denuncia penal ante la Fiscal\u00eda General de la Rep\u00fablica.<\/p>\n\n\n\n<p>Semarnat se\u00f1al\u00f3 que estas actividades da\u00f1an el ecosistema costero de Sisal. Entre las especies afectadas se encuentran el manglar y la palma chit, esenciales para la protecci\u00f3n natural frente a fen\u00f3menos clim\u00e1ticos.<\/p>\n\n\n\n<p>Pese a reuniones con autoridades y l\u00edderes comunitarios, las intervenciones no han cesado. La Semarnat reiter\u00f3 que solo se permitir\u00e1 el uso de estos terrenos mediante concesi\u00f3n oficial.<\/p>\n\n\n\n<p>El Gobierno federal mantiene abiertos los canales de di\u00e1logo. Tambi\u00e9n confirm\u00f3 que continuar\u00e1 con acciones legales para evitar m\u00e1s da\u00f1os y restaurar el equilibrio ambiental en Sisal.<\/p>\n<div class='share-to-whatsapp-wrapper'><div class='share-on-whsp'>Share on: <\/div><a data-text='Semarnat denuncia ocupaci\u00f3n ilegal de terrenos en Sisal' data-link='https:\/\/visionpeninsular.com\/mid\/semarnat-denuncia-ocupacion-ilegal-de-terrenos-en-sisal\/' class='whatsapp-button whatsapp-share'>WhatsApp<\/a><div class='clear '><\/div><\/div>","protected":false},"excerpt":{"rendered":"<p>M\u00e9rida, 15 de mayo, 2025.- La Secretar\u00eda de Medio Ambiente y Recursos Naturales (Semarnat) alert\u00f3 sobre la ocupaci\u00f3n ilegal de terrenos en la costa de Sisal. La dependencia inform\u00f3 que varios pobladores han invadido zonas ganadas al mar, sin contar con concesiones oficiales. Los terrenos afectados pertenecen a la naci\u00f3n y est\u00e1n bajo dominio p\u00fablico. &hellip;<\/p>\n","protected":false},"author":5,"featured_media":202792,"comment_status":"open","ping_status":"open","sticky":false,"template":"","format":"standard","meta":{"_mi_skip_tracking":false},"categories":[49,37],"tags":[48105,48104,48106,379],"_links":{"self":[{"href":"https:\/\/visionpeninsular.com\/mid\/wp-json\/wp\/v2\/posts\/202790"}],"collection":[{"href":"https:\/\/visionpeninsular.com\/mid\/wp-json\/wp\/v2\/posts"}],"about":[{"href":"https:\/\/visionpeninsular.com\/mid\/wp-json\/wp\/v2\/types\/post"}],"author":[{"embeddable":true,"href":"https:\/\/visionpeninsular.com\/mid\/wp-json\/wp\/v2\/users\/5"}],"replies":[{"embeddable":true,"href":"https:\/\/visionpeninsular.com\/mid\/wp-json\/wp\/v2\/comments?post=202790"}],"version-history":[{"count":1,"href":"https:\/\/visionpeninsular.com\/mid\/wp-json\/wp\/v2\/posts\/202790\/revisions"}],"predecessor-version":[{"id":202794,"href":"https:\/\/visionpeninsular.com\/mid\/wp-json\/wp\/v2\/posts\/202790\/revisions\/202794"}],"wp:featuredmedia":[{"embeddable":true,"href":"https:\/\/visionpeninsular.com\/mid\/wp-json\/wp\/v2\/media\/202792"}],"wp:attachment":[{"href":"https:\/\/visionpeninsular.com\/mid\/wp-json\/wp\/v2\/media?parent=202790"}],"wp:term":[{"taxonomy":"category","embeddable":true,"href":"https:\/\/visionpeninsular.com\/mid\/wp-json\/wp\/v2\/categories?post=202790"},{"taxonomy":"post_tag","embeddable":true,"href":"https:\/\/visionpeninsular.com\/mid\/wp-json\/wp\/v2\/tags?post=202790"}],"curies":[{"name":"wp","href":"https:\/\/api.w.org\/{rel}","templated":true}]}}