{"id":20271,"date":"2017-01-18T16:27:01","date_gmt":"2017-01-18T22:27:01","guid":{"rendered":"http:\/\/visionpeninsular.com\/mid\/?p=20271"},"modified":"2017-01-18T16:27:01","modified_gmt":"2017-01-18T22:27:01","slug":"elastico-short-se-ahorca-en-la-carcel-uman","status":"publish","type":"post","link":"https:\/\/visionpeninsular.com\/mid\/elastico-short-se-ahorca-en-la-carcel-uman\/","title":{"rendered":"Con el el\u00e1stico de su short se ahorca en la c\u00e1rcel de Um\u00e1n"},"content":{"rendered":"<p>Carlos Arturo  U. T., de 27 a\u00f1os de edad, no pudo soportar la presi\u00f3n de sus vicios y sus problemas familiares; fue detenido en estado de ebriedad por la Polic\u00eda Municipal de Um\u00e1n, por escandalizar y agredir verbalmente a su esposa Griselda P. C., por el rumbo de Xtep\u00e9n.<\/p>\n<p>Carlos Arturo decidi\u00f3 terminar con su vida cuando se encontraba detenido en la c\u00e1rcel de Um\u00e1n y seg\u00fan la informaci\u00f3n, al parecer, no es la primera vez que el hombre ten\u00eda conflictos con su pareja debido al consumo de bebidas embriagantes.<\/p>\n<p>Mientras tanto, la Polic\u00eda Municipal de Um\u00e1n traslad\u00f3 a Carlos a una celda de la c\u00e1rcel p\u00fablica para que se le bajara la borrachera; sin embargo, quiz\u00e1s debido a los excesos con el alcohol y constantes conflictos familiares, el joven decidi\u00f3 acabar con sus problemas y se ahorc\u00f3 con el el\u00e1stico de su short.<\/p>\n<p>Alrededor de las 15:45 horas, cuando el oficial de guardia realiz\u00f3 una ronda de vigilancia se percat\u00f3 que Carlos Arturo estaba colgado de los barrotes y de inmediato dio parte a sus compa\u00f1eros, mientras se daba a la tarea de descolgarlo para tratar de salvarlo.<\/p>\n<p>Al lugar llegaron param\u00e9dicos de la Secretar\u00eda de Seguridad P\u00fablica y confirmaron la muerte de Carlos.<\/p>\n<div class='share-to-whatsapp-wrapper'><div class='share-on-whsp'>Share on: <\/div><a data-text='Con el el\u00e1stico de su short se ahorca en la c\u00e1rcel de Um\u00e1n' data-link='https:\/\/visionpeninsular.com\/mid\/elastico-short-se-ahorca-en-la-carcel-uman\/' class='whatsapp-button whatsapp-share'>WhatsApp<\/a><div class='clear '><\/div><\/div>","protected":false},"excerpt":{"rendered":"<p>Carlos Arturo U. T., de 27 a\u00f1os de edad, no pudo soportar la presi\u00f3n de sus vicios y sus problemas familiares; fue detenido en estado de ebriedad por la Polic\u00eda Municipal de Um\u00e1n, por escandalizar y agredir verbalmente a su esposa Griselda P. C., por el rumbo de Xtep\u00e9n. Carlos Arturo decidi\u00f3 terminar con su &hellip;<\/p>\n","protected":false},"author":5,"featured_media":20275,"comment_status":"open","ping_status":"open","sticky":false,"template":"","format":"standard","meta":{"_mi_skip_tracking":false},"categories":[50],"tags":[4975,191,4976,145],"_links":{"self":[{"href":"https:\/\/visionpeninsular.com\/mid\/wp-json\/wp\/v2\/posts\/20271"}],"collection":[{"href":"https:\/\/visionpeninsular.com\/mid\/wp-json\/wp\/v2\/posts"}],"about":[{"href":"https:\/\/visionpeninsular.com\/mid\/wp-json\/wp\/v2\/types\/post"}],"author":[{"embeddable":true,"href":"https:\/\/visionpeninsular.com\/mid\/wp-json\/wp\/v2\/users\/5"}],"replies":[{"embeddable":true,"href":"https:\/\/visionpeninsular.com\/mid\/wp-json\/wp\/v2\/comments?post=20271"}],"version-history":[{"count":1,"href":"https:\/\/visionpeninsular.com\/mid\/wp-json\/wp\/v2\/posts\/20271\/revisions"}],"predecessor-version":[{"id":20276,"href":"https:\/\/visionpeninsular.com\/mid\/wp-json\/wp\/v2\/posts\/20271\/revisions\/20276"}],"wp:featuredmedia":[{"embeddable":true,"href":"https:\/\/visionpeninsular.com\/mid\/wp-json\/wp\/v2\/media\/20275"}],"wp:attachment":[{"href":"https:\/\/visionpeninsular.com\/mid\/wp-json\/wp\/v2\/media?parent=20271"}],"wp:term":[{"taxonomy":"category","embeddable":true,"href":"https:\/\/visionpeninsular.com\/mid\/wp-json\/wp\/v2\/categories?post=20271"},{"taxonomy":"post_tag","embeddable":true,"href":"https:\/\/visionpeninsular.com\/mid\/wp-json\/wp\/v2\/tags?post=20271"}],"curies":[{"name":"wp","href":"https:\/\/api.w.org\/{rel}","templated":true}]}}