{"id":202546,"date":"2025-05-07T20:01:58","date_gmt":"2025-05-08T01:01:58","guid":{"rendered":"https:\/\/visionpeninsular.com\/mid\/?p=202546"},"modified":"2025-05-07T20:02:01","modified_gmt":"2025-05-08T01:02:01","slug":"el-lado-invisible-del-dia-de-las-madres-muerte-materna-enfermedades-violencia-de-genero-y-abandono-oficial","status":"publish","type":"post","link":"https:\/\/visionpeninsular.com\/mid\/el-lado-invisible-del-dia-de-las-madres-muerte-materna-enfermedades-violencia-de-genero-y-abandono-oficial\/","title":{"rendered":"El lado invisible del D\u00eda de las Madres: muerte materna,   enfermedades, violencia de g\u00e9nero y  abandono oficial"},"content":{"rendered":"\n<p>Por:SemM\u00e9xico<\/p>\n\n\n\n<ul><li><strong><em>Historias reales de mujeres que, adem\u00e1s de ejercer la maternidad, enfrentan enfermedades, violencia o abandono sin dejar de luchar por sus&nbsp; vidas y por sus cr\u00edas<\/em><\/strong><\/li><li><strong><em>Un 10 de mayo distinto: Dona a estas causas para honrar la figura de mujer obligada a&nbsp;&nbsp;&nbsp; la lucha materna<\/em><\/strong><\/li><\/ul>\n\n\n\n<p>Redacci\u00f3n<\/p>\n\n\n\n<p>SemM\u00e9xico, Cd. de M\u00e9xico, 7 de mayo,&nbsp;&nbsp;&nbsp; 2025.-Este a\u00f1o se cumplen 103 a\u00f1os desde que para reprimir a las&nbsp; mujeres que buscaban anticonceptivos y regular su maternidad, se instituy\u00f3 el D\u00eda de la Madre, dando&nbsp; as\u00ed elementos para eternizar su papel. Con el tiempo este d\u00eda es un d\u00eda de regalos y compras. La derrama econ\u00f3mica de este fin de semana est\u00e1 calculada en 80 mil millones&nbsp; de pesos.<\/p>\n\n\n\n<p>Mientras&nbsp; tanto en M\u00e9xico&nbsp; se&nbsp; calcula 38 millones de mujeres y ni\u00f1as mayores de 12 a\u00f1os han sido madres. Pero todav\u00eda la&nbsp; raz\u00f3n de mortalidad materna es de 25.5 defunciones por cada 100 mil nacimientos estimados, lo que representa un incremento del 4.4%&nbsp;&nbsp; en el \u00faltimo a\u00f1o. De 2.3 por ciento s\u00f3lo entre enero y abril. Es decir no cesa la muerte materna, un viejo asunto que no conmueve a nadie.&nbsp; Las entidades que presentan mayor n\u00famero de defunciones maternas son: Edo. De M\u00e9xico (23), Chiapas (21), Jalisco (13), CDMX (11) y Veracruz (9). En total presentan el 44.0% de las defunciones seg\u00fan&nbsp; la situaci\u00f3n actual de Mortalidad Materna, M\u00e9xico, mayo&nbsp; 2025 . Fuente: Salud\/DGIS\/2013 -2023 Cierres oficiales Salud\/DGE\/SINAVE\/<\/p>\n\n\n\n<p>Pero se quiere celebraci\u00f3n. Y hay de todo. Por ejemplo&nbsp; un texto de Gire se\u00f1ala que en M\u00e9xico muchas mujeres mueren durante el embarazo, parto o posparto.&nbsp; O sea Muerte Materna.<\/p>\n\n\n\n<p>En este pa\u00eds quienes quieren ser madres no son protegidas por el Estado que hace muy poco para prevenir sus muertes. En 2024, hubo mil 861 muertes maternas en nuestro pa\u00eds, y pocos reclamos de justicia por estas mujeres han sido escuchados\u2026 incluso el 10 de mayo.<\/p>\n\n\n\n<p>Tampoco se escucha a las madres, convertidas en actoras pol\u00edticas. Las buscadoras y las madres del feminicidio. Son tantas que una cifra cercana es de 359 colectivas en 32 entidades del pa\u00eds. De&nbsp; acuerdo con&nbsp; INEGI unas 50 mil mujeres movilizadas&nbsp; desde el dolor de la p\u00e9rdida de hijos e hijas.<\/p>\n\n\n\n<p>La maternidad dice el Grupo de Informaci\u00f3n en Reproducci\u00f3n Elegida GIRE, es un mandato para la vida&nbsp; de las mujeres.&nbsp; Ellas creen que la maternidad lo es todo en la vida y realmente cargan un fardo.<\/p>\n\n\n\n<p>Regina Tamez, ex directora de Gire escribi\u00f3 en 2017 que&nbsp; hay otro aspecto que parece trivial pero resulta profundamente revelador de la discriminaci\u00f3n para quienes son mam\u00e1s: el famoso festival del d\u00eda de las madres.<\/p>\n\n\n\n<p>Estos bailables en donde las y los peque\u00f1os saltan de un lado a otro los pasos que han ensayado durante semanas.<\/p>\n\n\n\n<p>Las consecuencias que tienen y el contexto en el que se dan es lo que no debemos perder de vista: las escuelas convocan a este evento en horas laborales y, adem\u00e1s, les dan el resto del d\u00eda a los ni\u00f1os para que puedan pasarlo con sus mam\u00e1s.<\/p>\n\n\n\n<p>El 10 de mayo no est\u00e1 en la lista de feriados oficiales de la SEP (\u00a1s\u00f3lo faltaba!), lo que implica que las mujeres deber\u00e1n buscar la manera de estar presentes en el festival y ver qu\u00e9 hacer con los peque\u00f1os despu\u00e9s de terminado el show.<\/p>\n\n\n\n<p>Las unidades de trabajo generalmente no dan este d\u00eda, por lo que la mujer deber\u00e1 pedirlo a cuenta de vacaciones.<\/p>\n\n\n\n<p>Si no lo pide, tendr\u00e1 que buscar con qui\u00e9n dejar a la criatura; porque tampoco conozco muchos lugares de trabajo que permitan que ese d\u00eda vayan los ni\u00f1os a la oficina para acompa\u00f1ar a sus mam\u00e1s.<\/p>\n\n\n\n<p>Como sociedad debemos poder movernos a un mejor lugar en donde se festeje que las mujeres tienen la opci\u00f3n de ser o no madres y ambas opciones sean igualmente v\u00e1lidas.<\/p>\n\n\n\n<p>El juicio social sobre la autonom\u00eda de las mujeres sigue siendo muy duro, pues aquellas que deciden no tener hijos son cuestionadas y sigue existiendo la presi\u00f3n de que no tener hijos supone un proyecto de vida incompleto.<\/p>\n\n\n\n<p><strong>Miradas con conmiseraci\u00f3n<\/strong><\/p>\n\n\n\n<p>Hay otras organizaciones que sin decirlo, reconocen las dificultades de ser madre, sobre todo en un pa\u00eds&nbsp; donde el&nbsp;&nbsp;&nbsp;&nbsp;&nbsp;&nbsp; Estado no se hace cargo de la salud de la ciudadan\u00eda. Muchas madres como Esmeralda, Velia, Diana o Lorena no&nbsp; celebran,&nbsp; buscan regalos, sino apoyo para seguir con vida y al lado de sus hijos e hijas dice la fundaci\u00f3n GoFundMe, que ha lanzado una campa\u00f1a de donaciones para mujeres&nbsp; madres con problemas espec\u00edficos, llamada:&nbsp; Un 10 de mayo distinto: Dona a estas causas para honrar la figura y lucha materna<\/p>\n\n\n\n<p>Para los mexicanos y las mexicanas, dice esa fundaci\u00f3n , el 10 de mayo posee un valor cultural incalculable. Seg\u00fan el INEGI, en el pa\u00eds hay 38 millones de mujeres que son madres, y en 2024 empresarios del pa\u00eds estimaron que hubo una derrama econ\u00f3mica de 80 mil millones de pesos en celebrarlas durante este d\u00eda.<\/p>\n\n\n\n<p>A pesar de lo mucho que se les aprecia socialmente, sus luchas cotidianas como madres y mujeres siguen siendo tit\u00e1nicas, pues adem\u00e1s de dedicarse a la crianza y al sost\u00e9n de un hogar, siete de cada diez son econ\u00f3micamente activas.<\/p>\n\n\n\n<p>Este a\u00f1o, madres como Diana, Esmeralda, Velia, Lorena y cientos m\u00e1s viven en incertidumbre debido a que condiciones m\u00e9dicas, violencia de g\u00e9nero y otras circunstancias amenazan con separarlas de sus hijos. Se llama violencia vicaria.<\/p>\n\n\n\n<p>Entonces&nbsp; GoFundMe averigu\u00f3 realidades y en su campa\u00f1a&nbsp; comparte algunas de estas historias, dice,&nbsp;&nbsp;&nbsp;&nbsp; para que honrar la labor y figura materna apoyando a alguna de ellas a transitar la adversidad.<\/p>\n\n\n\n<figure class=\"wp-block-image size-full\"><img loading=\"lazy\" width=\"400\" height=\"656\" src=\"https:\/\/visionpeninsular.com\/mid\/wp-content\/uploads\/2025\/05\/dia-de-la-madre.jpg\" alt=\"\" class=\"wp-image-202549\" srcset=\"https:\/\/visionpeninsular.com\/mid\/wp-content\/uploads\/2025\/05\/dia-de-la-madre.jpg 400w, https:\/\/visionpeninsular.com\/mid\/wp-content\/uploads\/2025\/05\/dia-de-la-madre-183x300.jpg 183w\" sizes=\"(max-width: 400px) 100vw, 400px\" \/><\/figure>\n\n\n\n<p>\u2b55\ufe0f Informe sobre Trata y Desaparici\u00f3n NNA en Contextos de Movilidad by&nbsp; REDIM; Red por los Derechos de la Infancia en M\u00e9xico &#8211; Issuu<\/p>\n\n\n\n<p>A finales del pasado marzo, Esmeralda, madre aut\u00f3noma de Sof\u00eda y Carlos, fue diagnosticada en Nuevo Le\u00f3n con dos aneurismas cerebrales que requer\u00edan atenci\u00f3n m\u00e9dica urgente. Mientras que las instituciones de salud p\u00fablica le daban meses de espera, ella s\u00f3lo pensaba en la forma de reunir la cantidad que garantizara su permanencia junto a sus hijos.<\/p>\n\n\n\n<p>\u201cTodo comenz\u00f3 con un dolor de cabeza muy fuerte, se me cay\u00f3 el p\u00e1rpado y se me paraliz\u00f3 el ojo, ve\u00eda doble y despu\u00e9s lleg\u00f3 el diagn\u00f3stico. Fue como si el mundo se detuviera. Pens\u00e9 en Sof\u00eda y Carlitos, y sent\u00ed miedo. Desde ese d\u00eda, cada segundo con ellos se volvi\u00f3 m\u00e1s valioso. Mi perspectiva cambi\u00f3: ya no pospongo abrazos, no dejo ning\u00fan \u2018te quiero\u2019 para despu\u00e9s. Todo lo que hago ahora tiene m\u00e1s urgencia, m\u00e1s amor, m\u00e1s conciencia\u201d, narr\u00f3 en entrevista.<\/p>\n\n\n\n<p>A trav\u00e9s de donaciones, logr\u00f3 reunir la cantidad suficiente para operarse uno de los aneurismas en una cl\u00ednica privada. Aunque lo m\u00e1s dif\u00edcil ya pas\u00f3, a\u00fan est\u00e1 pendiente la atenci\u00f3n del segundo y todos los gastos de su recuperaci\u00f3n, por lo que la recaudaci\u00f3n sigue abierta.<\/p>\n\n\n\n<p>\u201cEste a\u00f1o no necesito regalos, s\u00f3lo tiempo. Para el futuro sue\u00f1o con ver a Carlitos en un concierto de piano, con ver a Sof\u00eda cumplir sus sue\u00f1os. Espero celebrar muchos D\u00edas de las Madres m\u00e1s, con salud, con gratitud, y con la certeza de que el amor lo puede todo\u201d, comparti\u00f3.<\/p>\n\n\n\n<p>Al igual que Esmeralda, Velia Le\u00f3n Aparicio teme al pensar que una enfermedad puede arrebatarla de la vida.. Ella enfrenta la causa n\u00famero uno de muertes de mujeres en M\u00e9xico: el c\u00e1ncer de mama. Madre de&nbsp; Mauro, Sof\u00eda y Mateo, recibi\u00f3 el diagn\u00f3stico apenas cuatro meses despu\u00e9s de que su propia madre tambi\u00e9n descubriera que tiene un tumor en el seno.<\/p>\n\n\n\n<p>\u201cUno jam\u00e1s piensa que te tocar\u00e1 pelear estas batallas. Hoy no estoy en mi mejor momento y mi mayor miedo es irme pronto de la vida de mis hijos\u201d, narr\u00f3 a trav\u00e9s de GoFundMe, plataforma en la que recauda fondos para atenderse de manera urgente.<\/p>\n\n\n\n<p><strong>Arrebatados de los brazos de sus madres<\/strong><\/p>\n\n\n\n<p>El miedo que experimentan Esmeralda y Velia de no estar vivas y con&nbsp; sus&nbsp; hijas e&nbsp; hijos lo vive Diana C\u00f3rdova desde hace tres a\u00f1os. Esta&nbsp; queretana no ha podido ver a su hija Vale, quien fue sustra\u00edda por su padre a pesar de existir una sentencia que otorga a ella la custodia definitiva.<\/p>\n\n\n\n<p>Cada d\u00eda crece el da\u00f1o emocional tanto para la ni\u00f1a como para Diana, quien denuncia violencia vicaria, omisi\u00f3n de cuidados y un deterioro visible en el bienestar de su hija. Para atender la situaci\u00f3n, se inici\u00f3 una colecta solidaria para recaudar 50 mil pesos, con el fin de ayudarla a enfrentar los gastos legales, traslados y dem\u00e1s obst\u00e1culos que ha tenido que afrontar en su lucha por recuperar a la peque\u00f1a.<\/p>\n\n\n\n<p>Aunque el apoyo ya ha fluido, cosa que Diana agradece enormemente, a\u00fan no re\u00fane el monto total que garantizar\u00e1 una mejor defensa en el caso.<\/p>\n\n\n\n<p>\u201cVale, ellos no comprenden que te est\u00e1n destrozando emocionalmente, y que lo que est\u00e1s viviendo va a tener secuelas importantes en tu vida. Pero yo te prometo que me voy a encargar de sanar todo eso\u201d, fue el mensaje que dej\u00f3 Diana a su hija en redes este 30 de abril, en el marco del D\u00eda del Ni\u00f1o.<\/p>\n\n\n\n<p>Este tipo de violencia contra las mujeres se perpetra en todo el pa\u00eds, tal como lo denuncian Brenda Rodr\u00edguez Flores y Blanca Estela Paredes Hern\u00e1ndez desde Jalisco; Elisa Mar\u00eda Zald\u00edvar Barcelata en Veracruz; Karen Manzano en Baja California; y Gabriela Pablos Saucedo en Sinaloa y Ciudad de M\u00e9xico.<\/p>\n\n\n\n<p><strong>Madre adoptiva lucha sola y a contracorriente<\/strong><\/p>\n\n\n\n<p>En la costa guerrerense se escribe desde hace a\u00f1os una historia distinta. Lorena ha asumido sola y con valent\u00eda todas las responsabilidades parentales, luego de que su ex esposo los abandonara a ella y a su hijo Rodrigo tras adoptarlo. \u00c9l, desde peque\u00f1o, sufre enormes desaf\u00edos m\u00e9dicos por una condici\u00f3n \u00fanica en el mundo que hace que sus pulmones y coraz\u00f3n colapsen.<\/p>\n\n\n\n<p>Aunque logr\u00f3 acceder temporalmente a un seguro m\u00e9dico, \u00e9ste fue suspendido por su ex pareja, lo que la dej\u00f3 sola para cubrir los altos costos de estudios, tratamientos y equipo especializado de una afecci\u00f3n sin cura. Lorena quiere darle una vida digna, aunque la enfermedad de Rodrigo progrese con el tiempo. Por ello, mantiene una campa\u00f1a de recaudaci\u00f3n abierta.<\/p>\n\n\n\n<p>Al conocer todas estas historias, recordamos que ser madre tambi\u00e9n implica resistir, sanar, buscar justicia o sobrevivir. A trav\u00e9s de GoFundMe, se han logrado recaudar 35 millones de pesos en apoyo a madres mexicanas. Apoyar sus campa\u00f1as les da esperanza y nos permite participar en un acto colectivo de amor y reparaci\u00f3n.<\/p>\n\n\n\n<p>\u00bfDeseas donar? Conoce mejor sus causas y deja una aportaci\u00f3n dando clic en sus nombres:<\/p>\n\n\n\n<p>\u2022 Esmeralda, tratamiento para aneurisma cerebral<\/p>\n\n\n\n<p>\u2022 Velia, madre con c\u00e1ncer de mama<\/p>\n\n\n\n<p>\u2022 Diana C\u00f3rdoba quiere recuperar a su hija<\/p>\n\n\n\n<p>\u2022 Blanca Estela, Elisa Mar\u00eda y Gabriela contra la violencia vicaria<\/p>\n\n\n\n<p>\u2022 Brenda, golpeada por proteger a su hija<\/p>\n\n\n\n<p>\u2022 Karen pide volver a sus hijos, sacados del pa\u00eds por ex pareja<\/p>\n\n\n\n<p>\u2022 Lorena enfrenta sola enfermedad de su hijo adoptivo<\/p>\n\n\n\n<p>\u2022 En este enlace encontrar\u00e1s su testimonio completo y las campa\u00f1as activas que podr\u00edan marcar una diferencia real en sus vidas: desde tratamientos m\u00e9dicos urgentes hasta batallas legales por la custodia. Compartir sus historias honra la figura materna y puede traducirse en ayuda concreta.<\/p>\n\n\n\n<p><strong>El temido d\u00eda de las madres<\/strong><\/p>\n\n\n\n<p>Finalmente, \u00bfqu\u00e9 pasa con quienes deciden ser madres, sobreviven el parto y tienen la responsabili dad de la crianza?<\/p>\n\n\n\n<p>&nbsp;M\u00e9xico no cumple con el est\u00e1ndar de licencia de maternidad de entre 14 y 18 semanas establecida por la Organizaci\u00f3n Internacional del Trabajo; las licencias de paternidad son insuficientes (cinco d\u00edas) para que los hombres asuman responsabilidades de cuidado; tampoco tenemos licencias parentales que reconozcan la diversidad de familias y los tiempos de licencia se puedan dividir como mejor les acomode a quienes van a cuidar del reci\u00e9n nacido. No se habla de la falta de guarder\u00edas en el pa\u00eds, que deriva en que las abuelas, t\u00edas y vecinas asuman las responsabilidades de crianza, sin remuneraci\u00f3n econ\u00f3mica.<\/p>\n\n\n\n<p>No existen horarios flexibles para que quienes tienen hijos (no s\u00f3lo las mujeres), puedan generar corresponsabilidad entre la vida reproductiva y la vida laboral. La respuesta ha sido que las mujeres trabajen \u201cigual que los hombres\u201d, dejando a los hijos fuera de este esquema sin poder convivir con sus padres y madres.<\/p>\n\n\n\n<p>En lugar de salir todos a celebrar un d\u00eda que fue creado con fines de consumo, deber\u00edamos unirnos para encontrar soluciones para los problemas que enfrentan las madres de hoy en M\u00e9xico. Si bien disfrutamos de ver a nuestros hijos bailar, no queremos estr\u00e9s por faltar al trabajo, ni culpa por no ir al festival, ni una plancha de regalo.<\/p>\n\n\n\n<p>La raz\u00f3n de mortalidad materna preliminar calculada es de 25.5 defunciones por cada 100 mil nacimientos estimados. El grupo de edad de las muertes maternas notificadas,&nbsp; ese 45 a 49 a\u00f1os&nbsp; el grupo etario con mayor raz\u00f3n de mortalidad materna con una RMM de 146.3 por cada 100,000 reci\u00e9n nacidos vivos.<\/p>\n\n\n\n<p>Caracterizaci\u00f3n de las Muertes Maternas Las principales causas de defunci\u00f3n son: Enfermedad hipertensiva, edema y proteinuria en el embarazo , el parto y el puerperio (13.7%); Hemorragia obst\u00e9trica (12.6%); Aborto (12.0%) y Embolia obst\u00e9trica con el (5.1%)&nbsp;<\/p>\n\n\n\n<p>Las entidades federativas que presentan una RMM mayor a la nacional son: Sonora, Hidalgo, Jalisco, Baja California, Edo. de M\u00e9xico, Colima, Chihuahua, Guerrero, Morelos, CDMX, Quer\u00e9taro, Coahuila, Tamaulipas, Chiapas, Baja California Sur, Nayarit y Durango, seg\u00fan la tabla de Defunciones DEF RMM SECRETAR\u00cdA DE SALUD Subsecretar\u00eda de Pol\u00edticas de Salud y Bienestar Poblacional Direcci\u00f3n General de Epidemiolog\u00eda. Defunciones maternas y Raz\u00f3n de Muerte Materna.<\/p>\n\n\n\n<p><strong>Acerca de GoFundMe<\/strong><\/p>\n\n\n\n<p>GoFundMe es una plataforma de recaudaci\u00f3n de fondos impulsada por la comunidad con la misi\u00f3n de ayudar a que las personas se ayuden entre s\u00ed. Fundada en 2010, GoFundMe combina el storytelling y la recaudaci\u00f3n de fondos para facilitar que las personas den y reciban ayuda, conecten con donantes y alcancen sus metas. GoFundMe brinda la oportunidad de marcar una diferencia significativa para las comunidades y causas que son m\u00e1s importantes, urgentes y relevantes para las personas y la sociedad.<\/p>\n\n\n\n<p>GoFundMe tiene numerosas capas de seguridad y m\u00faltiples controles y procesos para prevenir el uso indebido. Con&nbsp; expertos en Confianza y Seguridad, as\u00ed como los equipos de Riesgo y Cumplimiento de clase mundial, trabajan las 24 hrs del d\u00eda para revisar las recaudaciones de fondo y prevenir cualquier tipo de mal uso, utilizando tecnolog\u00edas y datos.<\/p>\n\n\n\n<p>&nbsp;La Garant\u00eda de Donaciones de GoFundMe ofrece un reembolso completo en el caso de que algo no est\u00e9 bien. Encuentra m\u00e1s informaci\u00f3n sobre nuestra garant\u00eda de donaciones en este enlace.<\/p>\n\n\n\n<p>Lee las historias y las novedades de GoFundMe en Instagram, WhatsApp y Facebook.&nbsp; D\u00cdA DE LAS MADRE\u2026rna.docx360 KB;&nbsp; Rodrigo un caso \u2026ial.jpeg471 KB;&nbsp; Diana necesita n\u2026hija.png876 KB;&nbsp; Con esperanza y f\u00e9.png422 KB; Justicia para la\u2026xico.png1.88 MB;&nbsp; Ay\u00fadame a que mi\u2026zos..png786 KB;&nbsp; Ay\u00fadame a seguir\u2026live.png6.17 MB<\/p>\n<div class='share-to-whatsapp-wrapper'><div class='share-on-whsp'>Share on: <\/div><a data-text='El lado invisible del D\u00eda de las Madres: muerte materna,   enfermedades, violencia de g\u00e9nero y  abandono oficial' data-link='https:\/\/visionpeninsular.com\/mid\/el-lado-invisible-del-dia-de-las-madres-muerte-materna-enfermedades-violencia-de-genero-y-abandono-oficial\/' class='whatsapp-button whatsapp-share'>WhatsApp<\/a><div class='clear '><\/div><\/div>","protected":false},"excerpt":{"rendered":"<p>Por:SemM\u00e9xico Historias reales de mujeres que, adem\u00e1s de ejercer la maternidad, enfrentan enfermedades, violencia o abandono sin dejar de luchar por sus&nbsp; vidas y por sus cr\u00edasUn 10 de mayo distinto: Dona a estas causas para honrar la figura de mujer obligada a&nbsp;&nbsp;&nbsp; la lucha materna Redacci\u00f3n SemM\u00e9xico, Cd. de M\u00e9xico, 7 de mayo,&nbsp;&nbsp;&nbsp; 2025.-Este &hellip;<\/p>\n","protected":false},"author":5,"featured_media":202548,"comment_status":"open","ping_status":"open","sticky":false,"template":"","format":"standard","meta":{"_mi_skip_tracking":false},"categories":[19567],"tags":[47970,47968,47969,38244],"_links":{"self":[{"href":"https:\/\/visionpeninsular.com\/mid\/wp-json\/wp\/v2\/posts\/202546"}],"collection":[{"href":"https:\/\/visionpeninsular.com\/mid\/wp-json\/wp\/v2\/posts"}],"about":[{"href":"https:\/\/visionpeninsular.com\/mid\/wp-json\/wp\/v2\/types\/post"}],"author":[{"embeddable":true,"href":"https:\/\/visionpeninsular.com\/mid\/wp-json\/wp\/v2\/users\/5"}],"replies":[{"embeddable":true,"href":"https:\/\/visionpeninsular.com\/mid\/wp-json\/wp\/v2\/comments?post=202546"}],"version-history":[{"count":1,"href":"https:\/\/visionpeninsular.com\/mid\/wp-json\/wp\/v2\/posts\/202546\/revisions"}],"predecessor-version":[{"id":202550,"href":"https:\/\/visionpeninsular.com\/mid\/wp-json\/wp\/v2\/posts\/202546\/revisions\/202550"}],"wp:featuredmedia":[{"embeddable":true,"href":"https:\/\/visionpeninsular.com\/mid\/wp-json\/wp\/v2\/media\/202548"}],"wp:attachment":[{"href":"https:\/\/visionpeninsular.com\/mid\/wp-json\/wp\/v2\/media?parent=202546"}],"wp:term":[{"taxonomy":"category","embeddable":true,"href":"https:\/\/visionpeninsular.com\/mid\/wp-json\/wp\/v2\/categories?post=202546"},{"taxonomy":"post_tag","embeddable":true,"href":"https:\/\/visionpeninsular.com\/mid\/wp-json\/wp\/v2\/tags?post=202546"}],"curies":[{"name":"wp","href":"https:\/\/api.w.org\/{rel}","templated":true}]}}