{"id":202120,"date":"2025-04-24T15:09:18","date_gmt":"2025-04-24T20:09:18","guid":{"rendered":"https:\/\/visionpeninsular.com\/mid\/?p=202120"},"modified":"2025-04-24T15:09:21","modified_gmt":"2025-04-24T20:09:21","slug":"yucatan-lanza-red-de-hubs-de-emprendimiento-para-jovenes-emprendedores","status":"publish","type":"post","link":"https:\/\/visionpeninsular.com\/mid\/yucatan-lanza-red-de-hubs-de-emprendimiento-para-jovenes-emprendedores\/","title":{"rendered":"Yucat\u00e1n lanza red de Hubs de Emprendimiento para j\u00f3venes emprendedores"},"content":{"rendered":"\n<ul><li>El nuevo modelo presentado por el Gobierno del Estado acercar\u00e1 oportunidades a cada rinc\u00f3n del territorio, formando una nueva generaci\u00f3n de l\u00edderes y empresarios.<\/li><\/ul>\n\n\n\n<p>M\u00e9rida, 24 de abril, 2025.- Con el objetivo de acercar las oportunidades de emprendimiento a cada rinc\u00f3n de Yucat\u00e1n y formar a una nueva generaci\u00f3n de l\u00edderes y creadores de negocios, el Gobierno del Estado, a trav\u00e9s del Instituto Yucateco de Emprendedores (IYEM), present\u00f3 el innovador Modelo de Hubs de Emprendimiento.<\/p>\n\n\n\n<p>Durante el evento celebrado en el Sal\u00f3n Yucat\u00e1n Emprende 4 del IYEM, el director del Instituto, Salvador Antonio Vitelli Mac\u00edas, destac\u00f3 que esta estrategia responde a las instrucciones del gobernador Joaqu\u00edn D\u00edaz Mena para descentralizar los servicios de apoyo y fortalecer la cultura emprendedora desde las universidades.<\/p>\n\n\n\n<p>\u201cEste modelo representa un paso firme hacia un ecosistema emprendedor m\u00e1s inclusivo, din\u00e1mico y cercano a los j\u00f3venes, consolidando una base s\u00f3lida para el crecimiento econ\u00f3mico desde la educaci\u00f3n superior\u201d, afirm\u00f3 Vitelli Mac\u00edas.<\/p>\n\n\n\n<p>&nbsp;\u201cYucat\u00e1n no solamente debe ser un buen lugar para vivir, sino el mejor lugar para emprender\u201d, a\u00f1adi\u00f3 el titular del IYEM, al explicar que esta revoluci\u00f3n territorial en materia de emprendimiento est\u00e1 dise\u00f1ada para dignificar el talento local en los 106 municipios de la entidad.<\/p>\n\n\n\n<p>Por su parte, el secretario de Educaci\u00f3n, Juan Enrique Balam V\u00e1rguez, enfatiz\u00f3 que esta pol\u00edtica p\u00fablica trasciende los proyectos de infraestructura, enfoc\u00e1ndose tambi\u00e9n en el desarrollo econ\u00f3mico sustentado en el empuje juvenil.<\/p>\n\n\n\n<p>Los nuevos Hubs funcionar\u00e1n dentro de instituciones de educaci\u00f3n superior como centros de formaci\u00f3n, vinculaci\u00f3n y asesor\u00eda, donde las y los estudiantes podr\u00e1n validar ideas de negocio, fortalecer sus competencias empresariales y crear soluciones alineadas a las vocaciones econ\u00f3micas de cada regi\u00f3n.<\/p>\n\n\n\n<p>El modelo est\u00e1 estructurado sobre tres pilares fundamentales:<\/p>\n\n\n\n<ul><li>Fortalecimiento de capacidades emprendedoras.<\/li><li>Generaci\u00f3n de conocimiento estrat\u00e9gico del entorno productivo.<\/li><li>Sostenibilidad operativa de los espacios a largo plazo.<\/li><\/ul>\n\n\n\n<p>Cada Hub servir\u00e1 como punto de articulaci\u00f3n entre el IYEM, las universidades y el sector privado, promoviendo as\u00ed una cultura emprendedora que potencie el desarrollo econ\u00f3mico local.<\/p>\n\n\n\n<p>En el evento tambi\u00e9n se realiz\u00f3 una exposici\u00f3n de productos desarrollados por beneficiarios de programas del IYEM. Entre los productos se exhibieron alimentos, cosm\u00e9ticos naturales, bebidas artesanales y textiles, reflejo del talento y la innovaci\u00f3n que ya se cultivan en el estado.<\/p>\n\n\n\n<p>Estuvieron presentes tambi\u00e9n el coordinador de Vinculaci\u00f3n de la Secretar\u00eda de Educaci\u00f3n, Jos\u00e9 de los Reyes Herrera V\u00e1zquez, y el director de Emprendimiento del Instituto, H\u00e9ctor Mizrahim Hern\u00e1ndez Cetina.<\/p>\n<div class='share-to-whatsapp-wrapper'><div class='share-on-whsp'>Share on: <\/div><a data-text='Yucat\u00e1n lanza red de Hubs de Emprendimiento para j\u00f3venes emprendedores' data-link='https:\/\/visionpeninsular.com\/mid\/yucatan-lanza-red-de-hubs-de-emprendimiento-para-jovenes-emprendedores\/' class='whatsapp-button whatsapp-share'>WhatsApp<\/a><div class='clear '><\/div><\/div>","protected":false},"excerpt":{"rendered":"<p>El nuevo modelo presentado por el Gobierno del Estado acercar\u00e1 oportunidades a cada rinc\u00f3n del territorio, formando una nueva generaci\u00f3n de l\u00edderes y empresarios. M\u00e9rida, 24 de abril, 2025.- Con el objetivo de acercar las oportunidades de emprendimiento a cada rinc\u00f3n de Yucat\u00e1n y formar a una nueva generaci\u00f3n de l\u00edderes y creadores de negocios, &hellip;<\/p>\n","protected":false},"author":5,"featured_media":202122,"comment_status":"open","ping_status":"open","sticky":false,"template":"","format":"standard","meta":{"_mi_skip_tracking":false},"categories":[49,37],"tags":[185,47748],"_links":{"self":[{"href":"https:\/\/visionpeninsular.com\/mid\/wp-json\/wp\/v2\/posts\/202120"}],"collection":[{"href":"https:\/\/visionpeninsular.com\/mid\/wp-json\/wp\/v2\/posts"}],"about":[{"href":"https:\/\/visionpeninsular.com\/mid\/wp-json\/wp\/v2\/types\/post"}],"author":[{"embeddable":true,"href":"https:\/\/visionpeninsular.com\/mid\/wp-json\/wp\/v2\/users\/5"}],"replies":[{"embeddable":true,"href":"https:\/\/visionpeninsular.com\/mid\/wp-json\/wp\/v2\/comments?post=202120"}],"version-history":[{"count":1,"href":"https:\/\/visionpeninsular.com\/mid\/wp-json\/wp\/v2\/posts\/202120\/revisions"}],"predecessor-version":[{"id":202123,"href":"https:\/\/visionpeninsular.com\/mid\/wp-json\/wp\/v2\/posts\/202120\/revisions\/202123"}],"wp:featuredmedia":[{"embeddable":true,"href":"https:\/\/visionpeninsular.com\/mid\/wp-json\/wp\/v2\/media\/202122"}],"wp:attachment":[{"href":"https:\/\/visionpeninsular.com\/mid\/wp-json\/wp\/v2\/media?parent=202120"}],"wp:term":[{"taxonomy":"category","embeddable":true,"href":"https:\/\/visionpeninsular.com\/mid\/wp-json\/wp\/v2\/categories?post=202120"},{"taxonomy":"post_tag","embeddable":true,"href":"https:\/\/visionpeninsular.com\/mid\/wp-json\/wp\/v2\/tags?post=202120"}],"curies":[{"name":"wp","href":"https:\/\/api.w.org\/{rel}","templated":true}]}}